{"id":301080,"date":"2025-10-13T12:23:14","date_gmt":"2025-10-13T18:23:14","guid":{"rendered":"https:\/\/sintesis.com.mx\/tlaxcala\/?p=301080"},"modified":"2025-10-13T12:23:14","modified_gmt":"2025-10-13T18:23:14","slug":"mejoran-firma-convenio-la-capacitacion-laboral","status":"publish","type":"post","link":"https:\/\/sintesis.com.mx\/tlaxcala\/2025\/10\/13\/mejoran-firma-convenio-la-capacitacion-laboral\/","title":{"rendered":"Mejoran con firma de convenio la capacitaci\u00f3n laboral"},"content":{"rendered":"<p class=\"p1\"><strong><em>Permitir\u00e1 fortalecer los programas de formaci\u00f3n para habitantes y generar autoempleo<\/em><\/strong><\/p>\n<p class=\"p1\"><span class=\"s2\">En un esfuerzo conjunto por fortalecer la capacitaci\u00f3n laboral y fomentar el emprendimiento en las comunidades, se llev\u00f3 a cabo la <\/span><span class=\"s1\">firma del Convenio de Colaboraci\u00f3n entre el Instituto de Capacitaci\u00f3n para el Trabajo del Estado de Tlaxcala (ICATLAX)<\/span><span class=\"s2\"> y el <\/span><span class=\"s1\">Ejido San Luis de Huamantla<\/span><span class=\"s2\">, evento que estuvo acompa\u00f1ado de una <\/span><span class=\"s1\">expoventa de productos elaborados por las y los beneficiarios de los cursos<\/span><span class=\"s2\"> impartidos por la Unidad de Capacitaci\u00f3n Huamantla.<\/span><\/p>\n<p class=\"p1\"><span class=\"s2\">Durante la jornada participaron <\/span><span class=\"s1\">m\u00e1s de 100 asistentes<\/span><span class=\"s2\">, quienes pudieron apreciar y adquirir los trabajos realizados por los alumnos en \u00e1reas como <\/span><span class=\"s1\">pi\u00f1ater\u00eda, elaboraci\u00f3n de alimentos, conservas, cer\u00e1mica, reposter\u00eda y artesan\u00edas diversas<\/span><span class=\"s2\">, resultado del aprendizaje t\u00e9cnico adquirido gracias a los programas del ICATLAX.<\/span><\/p>\n<p class=\"p1\"><span class=\"s2\">El acto fue encabezado por la <\/span><span class=\"s1\">Beatriz Andrea Ram\u00edrez Pay\u00e1n<\/span><span class=\"s2\">, Directora Administrativa del ICATLAX, en representaci\u00f3n del <\/span><span class=\"s1\">Juan Javier Potrero Tizamitl<\/span><span class=\"s2\">, Director General del Instituto; acompa\u00f1ada por <\/span><span class=\"s1\">Miguel \u00c1ngel Hern\u00e1ndez Montiel<\/span><span class=\"s2\">, Comisariado Ejidal de San Luis;<\/span><span class=\"s1\"> Domingo Cuahutencos Zempoalteca<\/span><span class=\"s2\">, Jefe del Departamento Jur\u00eddico;<\/span><span class=\"s1\"> Miguel \u00c1ngel Castro Franco<\/span><span class=\"s2\">, representante de la Direcci\u00f3n de Vinculaci\u00f3n; y <\/span><span class=\"s1\">Fausto Hern\u00e1ndez Montiel<\/span><span class=\"s2\">, Director de la Unidad de Capacitaci\u00f3n Huamantla. Tambi\u00e9n acudieron <\/span><span class=\"s1\">representantes del Ayuntamiento de Huamantla<\/span><span class=\"s2\">, quienes reafirmaron su compromiso con la capacitaci\u00f3n como herramienta de desarrollo social y econ\u00f3mico.<\/span><\/p>\n<p class=\"p1\"><span class=\"s2\">En su mensaje, <\/span><span class=\"s1\">Ram\u00edrez Pay\u00e1n<\/span><span class=\"s2\"> destac\u00f3 el respaldo permanente de la <\/span><span class=\"s1\">Gobernadora Lorena Cu\u00e9llar Cisneros<\/span><span class=\"s2\">, quien impulsa pol\u00edticas p\u00fablicas orientadas al <\/span><span class=\"s1\">aprendizaje, la productividad y la inclusi\u00f3n laboral<\/span><span class=\"s2\"> en todo el estado. Subray\u00f3 que el ICATLAX seguir\u00e1 acercando <\/span><span class=\"s1\">\u201ccapacitaci\u00f3n con valor, constancia y prop\u00f3sito\u201d<\/span><span class=\"s2\">, con el objetivo de brindar a las familias tlaxcaltecas <\/span><span class=\"s1\">mejores oportunidades de empleo y autoempleo<\/span><span class=\"s2\">.<\/span><\/p>\n<p class=\"p1\"><span class=\"s2\">El convenio permitir\u00e1 fortalecer los programas de formaci\u00f3n para habitantes del Ejido San Luis y comunidades vecinas, impulsando proyectos productivos, el aprovechamiento de recursos locales y la creaci\u00f3n de microempresas que contribuyan a la econom\u00eda regional.<\/span><\/p>\n<p class=\"p1\"><span class=\"s2\">Con esta alianza, el ICATLAX reafirma su compromiso con la educaci\u00f3n t\u00e9cnica y la construcci\u00f3n de <\/span><span class=\"s1\">\u201cUna Nueva Historia para Tlaxcala\u201d<\/span><span class=\"s2\">, donde la capacitaci\u00f3n se convierte en motor de bienestar y progreso para todas y todos.<\/span><\/p>\n","protected":false},"excerpt":{"rendered":"<p>Permitir\u00e1 fortalecer los programas de formaci\u00f3n para habitantes y generar autoempleo En un esfuerzo conjunto por fortalecer la capacitaci\u00f3n laboral y fomentar el emprendimiento en las comunidades, se llev\u00f3 a cabo la firma del Convenio de Colaboraci\u00f3n entre el Instituto de Capacitaci\u00f3n para el Trabajo del Estado de Tlaxcala (ICATLAX) y el Ejido San Luis [&hellip;]<\/p>\n","protected":false},"author":73,"featured_media":301081,"comment_status":"open","ping_status":"open","sticky":false,"template":"","format":"standard","meta":{"footnotes":""},"categories":[60178,9,150],"tags":[349,6427,17,3430,352,3326,13,32998,153,154,5073,18601,19446,157,5697,6096,24533],"yst_prominent_words":[8108,10305,7867,13017,7955,28628,12715],"class_list":["post-301080","post","type-post","status-publish","format-standard","has-post-thumbnail","hentry","category-empleo","category-municipios","category-metropoli-tlaxcala","tag-es-noticia","tag-esnoticia","tag-hoyesnoticia","tag-hoyesnoticiaapp","tag-slide","tag-slideapp","tag-slider","tag-sliderapp","tag-tlaxcala","tag-tlaxesnoticia","tag-tlaxesnoticiaapp","tag-tlaxhoyesnoticia","tag-tlaxhoyesnoticiaapp","tag-tlaxslide","tag-tlaxslideapp","tag-tlaxslider","tag-tlaxsliderapp"],"_links":{"self":[{"href":"https:\/\/sintesis.com.mx\/tlaxcala\/wp-json\/wp\/v2\/posts\/301080"}],"collection":[{"href":"https:\/\/sintesis.com.mx\/tlaxcala\/wp-json\/wp\/v2\/posts"}],"about":[{"href":"https:\/\/sintesis.com.mx\/tlaxcala\/wp-json\/wp\/v2\/types\/post"}],"author":[{"embeddable":true,"href":"https:\/\/sintesis.com.mx\/tlaxcala\/wp-json\/wp\/v2\/users\/73"}],"replies":[{"embeddable":true,"href":"https:\/\/sintesis.com.mx\/tlaxcala\/wp-json\/wp\/v2\/comments?post=301080"}],"version-history":[{"count":1,"href":"https:\/\/sintesis.com.mx\/tlaxcala\/wp-json\/wp\/v2\/posts\/301080\/revisions"}],"predecessor-version":[{"id":301082,"href":"https:\/\/sintesis.com.mx\/tlaxcala\/wp-json\/wp\/v2\/posts\/301080\/revisions\/301082"}],"wp:featuredmedia":[{"embeddable":true,"href":"https:\/\/sintesis.com.mx\/tlaxcala\/wp-json\/wp\/v2\/media\/301081"}],"wp:attachment":[{"href":"https:\/\/sintesis.com.mx\/tlaxcala\/wp-json\/wp\/v2\/media?parent=301080"}],"wp:term":[{"taxonomy":"category","embeddable":true,"href":"https:\/\/sintesis.com.mx\/tlaxcala\/wp-json\/wp\/v2\/categories?post=301080"},{"taxonomy":"post_tag","embeddable":true,"href":"https:\/\/sintesis.com.mx\/tlaxcala\/wp-json\/wp\/v2\/tags?post=301080"},{"taxonomy":"yst_prominent_words","embeddable":true,"href":"https:\/\/sintesis.com.mx\/tlaxcala\/wp-json\/wp\/v2\/yst_prominent_words?post=301080"}],"curies":[{"name":"wp","href":"https:\/\/api.w.org\/{rel}","templated":true}]}}