{"id":307830,"date":"2026-02-04T20:42:44","date_gmt":"2026-02-05T02:42:44","guid":{"rendered":"https:\/\/sintesis.com.mx\/tlaxcala\/?p=307830"},"modified":"2026-02-04T20:42:44","modified_gmt":"2026-02-05T02:42:44","slug":"cambios-en-el-gabinete-estatal-de-tlaxcala","status":"publish","type":"post","link":"https:\/\/sintesis.com.mx\/tlaxcala\/2026\/02\/04\/cambios-en-el-gabinete-estatal-de-tlaxcala\/","title":{"rendered":"Cambios en el Gabinete Estatal de Tlaxcala"},"content":{"rendered":"<p><em><strong>La mandataria estatal dio a conocer los ajustes en el Gabinete , entre ellos el relevo en la Secretar\u00eda de Impulso Agropecuario y la Oficial\u00eda Mayor de Gobierno<\/strong><\/em><\/p>\n<p>La Gobernadora Lorena Cu\u00e9llar Cisneros dio a conocer una serie de cambios en el Gabinete Estatal, como parte del proceso de fortalecimiento institucional de su administraci\u00f3n, al tiempo que reconoci\u00f3 el trabajo de las y los funcionarios que concluyeron su encargo.<\/p>\n<p>La mandataria estatal inform\u00f3 la salida de Rafael de la Pe\u00f1a Bernal de la Secretar\u00eda de Impulso Agropecuario, dependencia en la que fue designada como nueva titular Haide Gisela Lucero Zepeda, quien asumir\u00e1 la responsabilidad de dar continuidad a las pol\u00edticas p\u00fablicas orientadas al fortalecimiento del campo tlaxcalteca, as\u00ed como al acompa\u00f1amiento t\u00e9cnico y a los apoyos dirigidos al sector rural.<\/p>\n<p>Lorena Cu\u00e9llar reconoci\u00f3 el desempe\u00f1o de Rafael de la Pe\u00f1a Bernal, al destacar que durante su gesti\u00f3n se consolidaron acciones relevantes como la construcci\u00f3n de 850 jag\u00fceyes para la captaci\u00f3n de agua pluvial y el incremento hist\u00f3rico del presupuesto del sector, que pas\u00f3 de 170 a 461 millones de pesos, lo que permiti\u00f3 beneficiar a un mayor n\u00famero de productoras y productores.<\/p>\n<p><em><strong>\u201cSe va con todo mi afecto y mi gratitud; el campo de Tlaxcala avanz\u00f3 de manera importante y eso se reconoce\u201d.<\/strong><\/em><\/p>\n<p>En otro ajuste, la titular del Poder Ejecutivo inform\u00f3 que Ramiro Vivanco Chedraui present\u00f3 su renuncia al cargo de Oficial Mayor de Gobierno, decisi\u00f3n que fue aceptada por la mandataria estatal, quien agradeci\u00f3 el trabajo realizado al frente de la dependencia y se\u00f1al\u00f3 que el exfuncionario solicit\u00f3 la oportunidad de incorporarse a un nuevo proyecto, manteniendo una relaci\u00f3n institucional cordial.<\/p>\n<p><em><strong>\u201cPidi\u00f3 la oportunidad de ir a otro proyecto y siempre seguir\u00e1 colaborando, desde luego, con una muy buena relaci\u00f3n de nuestra parte\u201d.<\/strong><\/em><\/p>\n<p>Tras este movimiento, la directora de Recursos Humanos de la Oficial\u00eda Mayor de Gobierno, Er\u00e9ndira Berenice Garay Salas, fue designada como encargada del despacho de la dependencia.<\/p>\n<p>Finalmente, la Gobernadora Lorena Cu\u00e9llar Cisneros indic\u00f3 que estos han sido los principales movimientos realizados en el Gabinete, reiter\u00f3 su disposici\u00f3n para seguir evaluando ajustes cuando sea necesario y subray\u00f3 que el objetivo central es garantizar un gobierno eficiente, cercano a la gente y con resultados en beneficio de Tlaxcala.<\/p>\n","protected":false},"excerpt":{"rendered":"<p>La mandataria estatal dio a conocer los ajustes en el Gabinete , entre ellos el relevo en la Secretar\u00eda de Impulso Agropecuario y la Oficial\u00eda Mayor de Gobierno La Gobernadora Lorena Cu\u00e9llar Cisneros dio a conocer una serie de cambios en el Gabinete Estatal, como parte del proceso de fortalecimiento institucional de su administraci\u00f3n, al [&hellip;]<\/p>\n","protected":false},"author":88,"featured_media":307831,"comment_status":"open","ping_status":"open","sticky":false,"template":"","format":"standard","meta":{"footnotes":""},"categories":[59120,150],"tags":[65702,52934,65701,53052,54283,2709,7499,56119,153,154,18601,157,6096],"yst_prominent_words":[7836,9819,7746,10522,10519,9660,22340,24510],"class_list":["post-307830","post","type-post","status-publish","format-standard","has-post-thumbnail","hentry","category-gobierno","category-metropoli-tlaxcala","tag-cambios-en-el-gabinete","tag-gabinete","tag-gabinete-del-gobierno-estatal","tag-gabinete-legal-y-ampliado","tag-gobernadora-lorena-cuellar-cisneros","tag-lorena-cuellar-cisneros","tag-oficialia-mayor-de-gobierno","tag-sia","tag-tlaxcala","tag-tlaxesnoticia","tag-tlaxhoyesnoticia","tag-tlaxslide","tag-tlaxslider"],"_links":{"self":[{"href":"https:\/\/sintesis.com.mx\/tlaxcala\/wp-json\/wp\/v2\/posts\/307830"}],"collection":[{"href":"https:\/\/sintesis.com.mx\/tlaxcala\/wp-json\/wp\/v2\/posts"}],"about":[{"href":"https:\/\/sintesis.com.mx\/tlaxcala\/wp-json\/wp\/v2\/types\/post"}],"author":[{"embeddable":true,"href":"https:\/\/sintesis.com.mx\/tlaxcala\/wp-json\/wp\/v2\/users\/88"}],"replies":[{"embeddable":true,"href":"https:\/\/sintesis.com.mx\/tlaxcala\/wp-json\/wp\/v2\/comments?post=307830"}],"version-history":[{"count":1,"href":"https:\/\/sintesis.com.mx\/tlaxcala\/wp-json\/wp\/v2\/posts\/307830\/revisions"}],"predecessor-version":[{"id":307832,"href":"https:\/\/sintesis.com.mx\/tlaxcala\/wp-json\/wp\/v2\/posts\/307830\/revisions\/307832"}],"wp:featuredmedia":[{"embeddable":true,"href":"https:\/\/sintesis.com.mx\/tlaxcala\/wp-json\/wp\/v2\/media\/307831"}],"wp:attachment":[{"href":"https:\/\/sintesis.com.mx\/tlaxcala\/wp-json\/wp\/v2\/media?parent=307830"}],"wp:term":[{"taxonomy":"category","embeddable":true,"href":"https:\/\/sintesis.com.mx\/tlaxcala\/wp-json\/wp\/v2\/categories?post=307830"},{"taxonomy":"post_tag","embeddable":true,"href":"https:\/\/sintesis.com.mx\/tlaxcala\/wp-json\/wp\/v2\/tags?post=307830"},{"taxonomy":"yst_prominent_words","embeddable":true,"href":"https:\/\/sintesis.com.mx\/tlaxcala\/wp-json\/wp\/v2\/yst_prominent_words?post=307830"}],"curies":[{"name":"wp","href":"https:\/\/api.w.org\/{rel}","templated":true}]}}