{"id":310034,"date":"2026-03-13T18:05:08","date_gmt":"2026-03-14T00:05:08","guid":{"rendered":"https:\/\/sintesis.com.mx\/tlaxcala\/?p=310034"},"modified":"2026-03-13T18:06:05","modified_gmt":"2026-03-14T00:06:05","slug":"anuncia-sepe-foro-estatal-impacto-la-tecnologias-digitales-la-educacion-la-salud-mentalanuncia-sepe-foro-estatal-sobre-el-impacto-de-la-tecnologias-digitales-en-la-educacion-y-la-salud-mental","status":"publish","type":"post","link":"https:\/\/sintesis.com.mx\/tlaxcala\/2026\/03\/13\/anuncia-sepe-foro-estatal-impacto-la-tecnologias-digitales-la-educacion-la-salud-mentalanuncia-sepe-foro-estatal-sobre-el-impacto-de-la-tecnologias-digitales-en-la-educacion-y-la-salud-mental\/","title":{"rendered":"Anuncia SEPE foro estatal sobre el impacto de la tecnolog\u00edas digitales en la educaci\u00f3n y la salud mental"},"content":{"rendered":"<h4><strong>El secretario de Educaci\u00f3n, Homero Meneses Hern\u00e1ndez, inform\u00f3 que, en abril, especialistas analizar\u00e1n la posibilidad de regular el uso de dispositivos m\u00f3viles en instituciones educativas en Tlaxcala<\/strong><\/h4>\n<p>El secretario de Educaci\u00f3n, Homero Meneses Hern\u00e1ndez, anunci\u00f3 el foro estatal \u201cImpacto de las Tecnolog\u00edas Digitales en la Educaci\u00f3n y la Salud Mental\u201d, con el prop\u00f3sito de abrir el debate respecto a la posibilidad de implementar una pol\u00edtica p\u00fablica en materia de educaci\u00f3n, en la que se restrinja el uso de celulares en las instituciones y el nivel educativo en el que podr\u00eda aplicarse, adem\u00e1s de analizar sus beneficios y riesgos.<\/p>\n<p>Durante su participaci\u00f3n en los Di\u00e1logos Circulares de este viernes en el Auditorio \u201cTrinidad S\u00e1nchez Santos\u201d de la Coordinaci\u00f3n de Comunicaci\u00f3n, Meneses Hern\u00e1ndez explic\u00f3 que la discusi\u00f3n surge a partir del foro nacional en el que especialistas analizaron los efectos de las tecnolog\u00edas digitales en el desarrollo de las infancias y juventudes, y la intenci\u00f3n es que Tlaxcala sea una de las primeras entidades en promover una revisi\u00f3n m\u00e1s amplia sobre este tema.<\/p>\n<p>\u201cLo coment\u00e9 de inmediato con la gobernadora y me dio instrucciones para que en Tlaxcala fu\u00e9ramos de los primeros estados en abrir este debate. Las preguntas son las siguientes: \u00bfEs necesario implementar una pol\u00edtica en materia de educaci\u00f3n donde se restrinjan los celulares en la jornada educativa? Si es as\u00ed, \u00bfen qu\u00e9 nivel educativo deber\u00e1 implementarse?\u201d, indic\u00f3.<\/p>\n<p>El funcionario expuso que, de acuerdo con especialistas internacionales, quienes participaron durante el encuentro nacional, advirtieron que el uso excesivo de dispositivos m\u00f3viles ha modificado las din\u00e1micas sociales de las infancias durante los recreos escolares, al propiciar el sedentarismo por la falta de actividades f\u00edsicas y el juego con sus compa\u00f1eros, as\u00ed como afectaciones en su salud emocional, como apat\u00eda, ansiedad y adicci\u00f3n digital.<\/p>\n<p>\u201cYa no ven a ni\u00f1os corriendo en los patios, sino ni\u00f1os sentados en las banquetas, observando sus redes sociales, lo que provoca obesidad y apat\u00eda. El juego es muy importante en el desarrollo de las infancias, porque permite, por ejemplo, entender la frustraci\u00f3n al perder un juego, resolver conflictos y fortalecer la interacci\u00f3n con otros\u201d, coment\u00f3.<\/p>\n<p>Homero Meneses observ\u00f3 que organismos internacionales como la UNICEF se\u00f1alan que 13 por ciento de los adolescentes vive con alg\u00fan trastorno psicol\u00f3gico diagnosticado, mientras que otros estudios indican que entre 17 y 25 por ciento de los j\u00f3venes experimenta sentimientos de soledad, situaci\u00f3n que, en muchos casos, se relaciona con el uso excesivo de redes sociales.<\/p>\n<p>Record\u00f3 que, de acuerdo con diversos estudios, en M\u00e9xico, el 74 por ciento de los menores de edad utiliza redes sociales, con un promedio de 3 horas con 12 minutos de uso diario. Adem\u00e1s, se estima que ocho de cada diez universitarios presentan un alto apego a la tecnolog\u00eda.<\/p>\n<p>Asimismo, refiri\u00f3 que en el pa\u00eds el 23 por ciento de la poblaci\u00f3n escolar usuaria de internet ha experimentado alg\u00fan tipo de ciberacoso, lo que genera emociones como enojo, frustraci\u00f3n, inseguridad o miedo.<\/p>\n<p>Subray\u00f3 que, ante el avance tecnol\u00f3gico, 79 pa\u00edses han legislado sobre el uso de dispositivos digitales en contextos educativos, mientras que en Estados Unidos m\u00e1s de 20 estados han establecido una regulaci\u00f3n.<\/p>\n<p>Agreg\u00f3 que, en M\u00e9xico, entidades como Quer\u00e9taro, Guerrero, Nuevo Le\u00f3n y Jalisco, han comenzado a implementar medidas o protocolos relacionados con el uso de celulares en las escuelas, por lo que insisti\u00f3 en la necesidad de que en Tlaxcala se abra el debate sobre el tema.<\/p>\n<p>Sin embargo, Meneses Hern\u00e1ndez estim\u00f3 que el uso de la tecnolog\u00eda tambi\u00e9n puede ofrecer beneficios en el \u00e1mbito educativo, como el aprendizaje personalizado, el apoyo a estudiantes con discapacidad o neurodivergencias, y herramientas que facilitan el trabajo docente, como la reducci\u00f3n de carga administrativa mediante el uso de inteligencia artificial.<\/p>\n<p>Finalmente, abund\u00f3 que en el foro se prev\u00e9 realizar en el mes de abril, al concluir el periodo vacacional de Semana Santa, en el marco de la celebraci\u00f3n del D\u00eda de la Ni\u00f1a y el Ni\u00f1o.<\/p>\n","protected":false},"excerpt":{"rendered":"<p>El secretario de Educaci\u00f3n, Homero Meneses Hern\u00e1ndez, inform\u00f3 que, en abril, especialistas analizar\u00e1n la posibilidad de regular el uso de dispositivos m\u00f3viles en instituciones educativas en Tlaxcala El secretario de Educaci\u00f3n, Homero Meneses Hern\u00e1ndez, anunci\u00f3 el foro estatal \u201cImpacto de las Tecnolog\u00edas Digitales en la Educaci\u00f3n y la Salud Mental\u201d, con el prop\u00f3sito de abrir [&hellip;]<\/p>\n","protected":false},"author":3,"featured_media":310035,"comment_status":"open","ping_status":"open","sticky":false,"template":"","format":"standard","meta":{"footnotes":""},"categories":[52854],"tags":[352,3326,13,32998,153,154,5073,18601,19446,157,5697,6096,24533],"yst_prominent_words":[13257,11832,7669,8341],"class_list":["post-310034","post","type-post","status-publish","format-standard","has-post-thumbnail","hentry","category-educacion","tag-slide","tag-slideapp","tag-slider","tag-sliderapp","tag-tlaxcala","tag-tlaxesnoticia","tag-tlaxesnoticiaapp","tag-tlaxhoyesnoticia","tag-tlaxhoyesnoticiaapp","tag-tlaxslide","tag-tlaxslideapp","tag-tlaxslider","tag-tlaxsliderapp"],"_links":{"self":[{"href":"https:\/\/sintesis.com.mx\/tlaxcala\/wp-json\/wp\/v2\/posts\/310034"}],"collection":[{"href":"https:\/\/sintesis.com.mx\/tlaxcala\/wp-json\/wp\/v2\/posts"}],"about":[{"href":"https:\/\/sintesis.com.mx\/tlaxcala\/wp-json\/wp\/v2\/types\/post"}],"author":[{"embeddable":true,"href":"https:\/\/sintesis.com.mx\/tlaxcala\/wp-json\/wp\/v2\/users\/3"}],"replies":[{"embeddable":true,"href":"https:\/\/sintesis.com.mx\/tlaxcala\/wp-json\/wp\/v2\/comments?post=310034"}],"version-history":[{"count":1,"href":"https:\/\/sintesis.com.mx\/tlaxcala\/wp-json\/wp\/v2\/posts\/310034\/revisions"}],"predecessor-version":[{"id":310036,"href":"https:\/\/sintesis.com.mx\/tlaxcala\/wp-json\/wp\/v2\/posts\/310034\/revisions\/310036"}],"wp:featuredmedia":[{"embeddable":true,"href":"https:\/\/sintesis.com.mx\/tlaxcala\/wp-json\/wp\/v2\/media\/310035"}],"wp:attachment":[{"href":"https:\/\/sintesis.com.mx\/tlaxcala\/wp-json\/wp\/v2\/media?parent=310034"}],"wp:term":[{"taxonomy":"category","embeddable":true,"href":"https:\/\/sintesis.com.mx\/tlaxcala\/wp-json\/wp\/v2\/categories?post=310034"},{"taxonomy":"post_tag","embeddable":true,"href":"https:\/\/sintesis.com.mx\/tlaxcala\/wp-json\/wp\/v2\/tags?post=310034"},{"taxonomy":"yst_prominent_words","embeddable":true,"href":"https:\/\/sintesis.com.mx\/tlaxcala\/wp-json\/wp\/v2\/yst_prominent_words?post=310034"}],"curies":[{"name":"wp","href":"https:\/\/api.w.org\/{rel}","templated":true}]}}