{"id":310679,"date":"2026-03-25T14:15:45","date_gmt":"2026-03-25T20:15:45","guid":{"rendered":"https:\/\/sintesis.com.mx\/tlaxcala\/?p=310679"},"modified":"2026-03-25T14:15:45","modified_gmt":"2026-03-25T20:15:45","slug":"beneficiara-la-feria-servicios-infonavit-derechohabientes-tlaxcala-capital","status":"publish","type":"post","link":"https:\/\/sintesis.com.mx\/tlaxcala\/2026\/03\/25\/beneficiara-la-feria-servicios-infonavit-derechohabientes-tlaxcala-capital\/","title":{"rendered":"Beneficiar\u00e1 la feria de servicios Infonavit a derechohabientes de Tlaxcala capital"},"content":{"rendered":"<h4><em><strong>Esta estrategia refuerza el enfoque territorial del Infonavit, apostando por acercar sus servicios a la poblaci\u00f3n.<\/strong><\/em><\/h4>\n<p>Con el objetivo de fortalecer la atenci\u00f3n a la ciudadan\u00eda, la delegada del Infonavit en el estado, Alejandra Ram\u00edrez Ortiz, dio a conocer en sus redes sociales la realizaci\u00f3n de una Feria de Servicios en la capital tlaxcalteca.<\/p>\n<p>El encuentro se desarrollar\u00e1 en el Parque Ju\u00e1rez de Tlaxcala de Xicoht\u00e9ncatl, un punto estrat\u00e9gico para la zona centro, donde se espera la participaci\u00f3n de numerosos derechohabientes interesados en regularizar sus cr\u00e9ditos o iniciar tr\u00e1mites de vivienda.<\/p>\n<p>Entre los servicios m\u00e1s relevantes se encuentra la posibilidad de verificar el puntaje acumulado para acceder a un cr\u00e9dito del Infonavit, as\u00ed como obtener informaci\u00f3n sobre programas como Vivienda para el Bienestar; o bien, conocer las distintas opciones que ofrece el Instituto para ponerse al corriente en caso de atrasos con apoyo de los asesores jur\u00eddicos del organismo.<\/p>\n<p>La jornada representa una oportunidad clave, ya que los asistentes recibir\u00e1n atenci\u00f3n personalizada sin costo, con procesos claros que buscan eliminar la intermediaci\u00f3n y los tiempos de espera.<\/p>\n<p>Este tipo de actividades refleja un esfuerzo institucional por acercar soluciones concretas a la poblaci\u00f3n trabajadora, en un contexto donde el acceso a vivienda digna sigue siendo una de las principales demandas sociales en la entidad.<\/p>\n","protected":false},"excerpt":{"rendered":"<p>Esta estrategia refuerza el enfoque territorial del Infonavit, apostando por acercar sus servicios a la poblaci\u00f3n. Con el objetivo de fortalecer la atenci\u00f3n a la ciudadan\u00eda, la delegada del Infonavit en el estado, Alejandra Ram\u00edrez Ortiz, dio a conocer en sus redes sociales la realizaci\u00f3n de una Feria de Servicios en la capital tlaxcalteca. El [&hellip;]<\/p>\n","protected":false},"author":3,"featured_media":310678,"comment_status":"open","ping_status":"open","sticky":false,"template":"","format":"standard","meta":{"footnotes":""},"categories":[60526,150],"tags":[153,154,5073,18601,19446,157,5697,6096,24533],"yst_prominent_words":[8850,8838,9116,11148,9929,9759,7841,7847,9928],"class_list":["post-310679","post","type-post","status-publish","format-standard","has-post-thumbnail","hentry","category-infonavit","category-metropoli-tlaxcala","tag-tlaxcala","tag-tlaxesnoticia","tag-tlaxesnoticiaapp","tag-tlaxhoyesnoticia","tag-tlaxhoyesnoticiaapp","tag-tlaxslide","tag-tlaxslideapp","tag-tlaxslider","tag-tlaxsliderapp"],"_links":{"self":[{"href":"https:\/\/sintesis.com.mx\/tlaxcala\/wp-json\/wp\/v2\/posts\/310679"}],"collection":[{"href":"https:\/\/sintesis.com.mx\/tlaxcala\/wp-json\/wp\/v2\/posts"}],"about":[{"href":"https:\/\/sintesis.com.mx\/tlaxcala\/wp-json\/wp\/v2\/types\/post"}],"author":[{"embeddable":true,"href":"https:\/\/sintesis.com.mx\/tlaxcala\/wp-json\/wp\/v2\/users\/3"}],"replies":[{"embeddable":true,"href":"https:\/\/sintesis.com.mx\/tlaxcala\/wp-json\/wp\/v2\/comments?post=310679"}],"version-history":[{"count":0,"href":"https:\/\/sintesis.com.mx\/tlaxcala\/wp-json\/wp\/v2\/posts\/310679\/revisions"}],"wp:featuredmedia":[{"embeddable":true,"href":"https:\/\/sintesis.com.mx\/tlaxcala\/wp-json\/wp\/v2\/media\/310678"}],"wp:attachment":[{"href":"https:\/\/sintesis.com.mx\/tlaxcala\/wp-json\/wp\/v2\/media?parent=310679"}],"wp:term":[{"taxonomy":"category","embeddable":true,"href":"https:\/\/sintesis.com.mx\/tlaxcala\/wp-json\/wp\/v2\/categories?post=310679"},{"taxonomy":"post_tag","embeddable":true,"href":"https:\/\/sintesis.com.mx\/tlaxcala\/wp-json\/wp\/v2\/tags?post=310679"},{"taxonomy":"yst_prominent_words","embeddable":true,"href":"https:\/\/sintesis.com.mx\/tlaxcala\/wp-json\/wp\/v2\/yst_prominent_words?post=310679"}],"curies":[{"name":"wp","href":"https:\/\/api.w.org\/{rel}","templated":true}]}}