{"id":312051,"date":"2026-04-15T19:26:07","date_gmt":"2026-04-16T01:26:07","guid":{"rendered":"https:\/\/sintesis.com.mx\/tlaxcala\/?p=312051"},"modified":"2026-04-15T19:26:07","modified_gmt":"2026-04-16T01:26:07","slug":"primaria-emiliano-zapata-condiciones-adecuadas","status":"publish","type":"post","link":"https:\/\/sintesis.com.mx\/tlaxcala\/2026\/04\/15\/primaria-emiliano-zapata-condiciones-adecuadas\/","title":{"rendered":"Primaria Emiliano Zapata, en condiciones adecuadas"},"content":{"rendered":"<p class=\"p1\"><em><strong>Tras recorrido oficial, avalan condiciones de nueva primaria en Loma Xicoht\u00e9ncatl<\/strong><\/em><\/p>\n<p class=\"p1\"><span class=\"s1\">Luego de la inconformidad manifestada por padres de familia la ma\u00f1ana de este martes, autoridades educativas realizaron un recorrido por las nuevas instalaciones de la primaria \u201cEmiliano Zapata\u201d, en Loma Xicoht\u00e9ncatl, donde se constat\u00f3 que el plantel se encuentra en condiciones generales adecuadas para su operaci\u00f3n.<\/span><\/p>\n<p class=\"p1\"><span class=\"s1\">El director del Instituto Tlaxcalteca de la Infraestructura F\u00edsica Educativa (ITIFE), Mateo S\u00e1nchez, encabez\u00f3 la visita en compa\u00f1\u00eda de representantes de medios de comunicaci\u00f3n, quienes verificaron el estado de la obra.<\/span><\/p>\n<p class=\"p1\"><span class=\"s1\">Durante el recorrido, el funcionario reconoci\u00f3 la existencia de detalles menores, mismos que \u2014asegur\u00f3\u2014 ser\u00e1n atendidos en un plazo no mayor a dos semanas.<\/span><\/p>\n<p class=\"p1\"><span class=\"s1\">Entre estos, se detect\u00f3 una fuga en uno de los ba\u00f1os, actualmente en proceso de reparaci\u00f3n, as\u00ed como un incidente previo en una parrilla de uno de los comedores, el cual fue controlado sin mayores consecuencias. Adem\u00e1s, se colocaron cintas de precauci\u00f3n en barandales de \u00e1reas verdes a solicitud del personal docente, como medida preventiva.<\/span><\/p>\n<p class=\"p1\"><span class=\"s1\">S\u00e1nchez explic\u00f3 que, aunque algunas adecuaciones no estaban contempladas inicialmente, se reforzar\u00e1 la seguridad en dichas zonas mediante la instalaci\u00f3n de m\u00e1s protecciones.<\/span><\/p>\n<p class=\"p1\"><span class=\"s1\">En cuanto a las \u00e1reas verdes, precis\u00f3 que a\u00fan se encuentran en proceso de acondicionamiento; no obstante, existe una malla que delimita el acceso a espacios donde contin\u00faa la presencia de material o trabajadores.<\/span><\/p>\n<p class=\"p1\"><span class=\"s1\">Las autoridades destacaron que el nuevo plantel ofrece espacios m\u00e1s amplios, limpios y funcionales, lo que contribuye a mejores condiciones para el desarrollo educativo de las ni\u00f1as y ni\u00f1os.<\/span><\/p>\n","protected":false},"excerpt":{"rendered":"<p>Tras recorrido oficial, avalan condiciones de nueva primaria en Loma Xicoht\u00e9ncatl Luego de la inconformidad manifestada por padres de familia la ma\u00f1ana de este martes, autoridades educativas realizaron un recorrido por las nuevas instalaciones de la primaria \u201cEmiliano Zapata\u201d, en Loma Xicoht\u00e9ncatl, donde se constat\u00f3 que el plantel se encuentra en condiciones generales adecuadas para [&hellip;]<\/p>\n","protected":false},"author":89,"featured_media":312052,"comment_status":"open","ping_status":"open","sticky":false,"template":"","format":"standard","meta":{"footnotes":""},"categories":[52854,62154,150],"tags":[349,66464,6427,17,3430,65691,1768,352,3326,32998,153,154,5073,18601,19446,157,5697,6096,24533],"yst_prominent_words":[11776,28875,7539,7825,8492,11860,37850,12493,7692,8667,8877,8997,8413,8758,10332],"class_list":["post-312051","post","type-post","status-publish","format-standard","has-post-thumbnail","hentry","category-educacion","category-infraestructura","category-metropoli-tlaxcala","tag-es-noticia","tag-escuela-primaria-emiliano-zapata","tag-esnoticia","tag-hoyesnoticia","tag-hoyesnoticiaapp","tag-infraestructura-fisica-educativa-itife","tag-itife","tag-slide","tag-slideapp","tag-sliderapp","tag-tlaxcala","tag-tlaxesnoticia","tag-tlaxesnoticiaapp","tag-tlaxhoyesnoticia","tag-tlaxhoyesnoticiaapp","tag-tlaxslide","tag-tlaxslideapp","tag-tlaxslider","tag-tlaxsliderapp"],"_links":{"self":[{"href":"https:\/\/sintesis.com.mx\/tlaxcala\/wp-json\/wp\/v2\/posts\/312051"}],"collection":[{"href":"https:\/\/sintesis.com.mx\/tlaxcala\/wp-json\/wp\/v2\/posts"}],"about":[{"href":"https:\/\/sintesis.com.mx\/tlaxcala\/wp-json\/wp\/v2\/types\/post"}],"author":[{"embeddable":true,"href":"https:\/\/sintesis.com.mx\/tlaxcala\/wp-json\/wp\/v2\/users\/89"}],"replies":[{"embeddable":true,"href":"https:\/\/sintesis.com.mx\/tlaxcala\/wp-json\/wp\/v2\/comments?post=312051"}],"version-history":[{"count":1,"href":"https:\/\/sintesis.com.mx\/tlaxcala\/wp-json\/wp\/v2\/posts\/312051\/revisions"}],"predecessor-version":[{"id":312053,"href":"https:\/\/sintesis.com.mx\/tlaxcala\/wp-json\/wp\/v2\/posts\/312051\/revisions\/312053"}],"wp:featuredmedia":[{"embeddable":true,"href":"https:\/\/sintesis.com.mx\/tlaxcala\/wp-json\/wp\/v2\/media\/312052"}],"wp:attachment":[{"href":"https:\/\/sintesis.com.mx\/tlaxcala\/wp-json\/wp\/v2\/media?parent=312051"}],"wp:term":[{"taxonomy":"category","embeddable":true,"href":"https:\/\/sintesis.com.mx\/tlaxcala\/wp-json\/wp\/v2\/categories?post=312051"},{"taxonomy":"post_tag","embeddable":true,"href":"https:\/\/sintesis.com.mx\/tlaxcala\/wp-json\/wp\/v2\/tags?post=312051"},{"taxonomy":"yst_prominent_words","embeddable":true,"href":"https:\/\/sintesis.com.mx\/tlaxcala\/wp-json\/wp\/v2\/yst_prominent_words?post=312051"}],"curies":[{"name":"wp","href":"https:\/\/api.w.org\/{rel}","templated":true}]}}