{"id":312550,"date":"2026-04-23T10:36:14","date_gmt":"2026-04-23T16:36:14","guid":{"rendered":"https:\/\/sintesis.com.mx\/tlaxcala\/?p=312550"},"modified":"2026-04-23T10:36:14","modified_gmt":"2026-04-23T16:36:14","slug":"gran-expectacion-causa-corrida-toros-apizaco","status":"publish","type":"post","link":"https:\/\/sintesis.com.mx\/tlaxcala\/2026\/04\/23\/gran-expectacion-causa-corrida-toros-apizaco\/","title":{"rendered":"Gran expectaci\u00f3n causa corrida de toros en Apizaco"},"content":{"rendered":"<p class=\"p1\"><span class=\"s1\">El pr\u00f3ximo tres de mayo la Plaza de toros Monumetal Rodolfo Rodr\u00edguez \u201cEl Pana\u201d, ser\u00e1 testigo de una corrida de toros que ha causado conmoci\u00f3n entre la afici\u00f3n tlaxcalteca y de estados vecinos.<\/span><\/p>\n<p class=\"p1\"><span class=\"s1\">Y es que a la ciudad rielera arribar\u00e1 Andr\u00e9s Roca Rey para alternar el pr\u00f3ximo tres de mayo con los diestros tlaxcaltecas Uriel Moreno y Sergio Flores.<\/span><\/p>\n<p class=\"p1\"><span class=\"s1\">Al respecto, el presidente municipal, Javier Rivera, se\u00f1al\u00f3 que las condiciones est\u00e1n dadas en cuesti\u00f3n de seguridad, protecci\u00f3n civil y vialidad, pues se espera un lleno total en los tendidos.<\/span><\/p>\n<p class=\"p1\"><span class=\"s1\">En tanto, el director del Instituto Tlaxcalteca de Desarrollo Taurino (ITDT), Jos\u00e9 Luis Angelino, refiri\u00f3 que la corrida en cuesti\u00f3n ha generado mucha expectaci\u00f3n y requerimiento de boletaje de aficionados de otras entidades, al mismo tiempo, dijo que las localidades generales se han agotado y hasta ahora existen lugares en sol numerado.<\/span><\/p>\n<p class=\"p1\"><span class=\"s1\">Asimismo, coment\u00f3 que este evento generar\u00e1 una derrama econ\u00f3mica importante ya que incluso hay aficionados de Guadalajara, Ciudad de M\u00e9xico, Quer\u00e9taro, Hidalgo y otras m\u00e1s.<\/span><\/p>\n<p class=\"p1\"><span class=\"s1\">Por parte de los actores principales, Uriel Moreno \u201cEl Zapata\u201d asegur\u00f3 que la ilusi\u00f3n de una tarde m\u00e1s en Apizaco es alentadora, sobre todo por ser parte de un cartel bien rematado y que promete una entrega total para agradar a la afici\u00f3n taurina.<\/span><\/p>\n<p class=\"p1\"><span class=\"s1\">Mientras tanto, el empresario Alejandro Pel\u00e1ez refiri\u00f3 que los toros bravos a lidiarse el tres de mayo ser\u00e1n de la ganader\u00eda Villa Carmela y no de una caba\u00f1a brava tlaxcalteca.<\/span><\/p>\n<p class=\"p1\"><span class=\"s1\">Es de se\u00f1alar que los tres toreros han sido triunfadores en plazas a nivel nacional e internacional, adem\u00e1s, el peruano Andr\u00e9s Roca ha mostrado maestr\u00eda en los redondeles m\u00e1s importantes de Espa\u00f1a y Francia.<\/span><\/p>\n","protected":false},"excerpt":{"rendered":"<p>El pr\u00f3ximo tres de mayo la Plaza de toros Monumetal Rodolfo Rodr\u00edguez \u201cEl Pana\u201d, ser\u00e1 testigo de una corrida de toros que ha causado conmoci\u00f3n entre la afici\u00f3n tlaxcalteca y de estados vecinos. Y es que a la ciudad rielera arribar\u00e1 Andr\u00e9s Roca Rey para alternar el pr\u00f3ximo tres de mayo con los diestros tlaxcaltecas [&hellip;]<\/p>\n","protected":false},"author":5,"featured_media":312551,"comment_status":"open","ping_status":"open","sticky":false,"template":"","format":"standard","meta":{"footnotes":""},"categories":[5,28539,150],"tags":[66535,2192,801,1062,2211,352,13,153,18601,5489,404],"yst_prominent_words":[10799,17943,23674,8217,15544,14014,9402,9331,10860,7943,8273,9242,13405,10796],"class_list":["post-312550","post","type-post","status-publish","format-standard","has-post-thumbnail","hentry","category-cultura","category-la-otra-fiesta","category-metropoli-tlaxcala","tag-andres-roca-rey","tag-el-zapata","tag-la-otra-fiesta","tag-plaza-de-toros","tag-sergio-flores","tag-slide","tag-slider","tag-tlaxcala","tag-tlaxhoyesnoticia","tag-toreros","tag-toros"],"_links":{"self":[{"href":"https:\/\/sintesis.com.mx\/tlaxcala\/wp-json\/wp\/v2\/posts\/312550"}],"collection":[{"href":"https:\/\/sintesis.com.mx\/tlaxcala\/wp-json\/wp\/v2\/posts"}],"about":[{"href":"https:\/\/sintesis.com.mx\/tlaxcala\/wp-json\/wp\/v2\/types\/post"}],"author":[{"embeddable":true,"href":"https:\/\/sintesis.com.mx\/tlaxcala\/wp-json\/wp\/v2\/users\/5"}],"replies":[{"embeddable":true,"href":"https:\/\/sintesis.com.mx\/tlaxcala\/wp-json\/wp\/v2\/comments?post=312550"}],"version-history":[{"count":0,"href":"https:\/\/sintesis.com.mx\/tlaxcala\/wp-json\/wp\/v2\/posts\/312550\/revisions"}],"wp:featuredmedia":[{"embeddable":true,"href":"https:\/\/sintesis.com.mx\/tlaxcala\/wp-json\/wp\/v2\/media\/312551"}],"wp:attachment":[{"href":"https:\/\/sintesis.com.mx\/tlaxcala\/wp-json\/wp\/v2\/media?parent=312550"}],"wp:term":[{"taxonomy":"category","embeddable":true,"href":"https:\/\/sintesis.com.mx\/tlaxcala\/wp-json\/wp\/v2\/categories?post=312550"},{"taxonomy":"post_tag","embeddable":true,"href":"https:\/\/sintesis.com.mx\/tlaxcala\/wp-json\/wp\/v2\/tags?post=312550"},{"taxonomy":"yst_prominent_words","embeddable":true,"href":"https:\/\/sintesis.com.mx\/tlaxcala\/wp-json\/wp\/v2\/yst_prominent_words?post=312550"}],"curies":[{"name":"wp","href":"https:\/\/api.w.org\/{rel}","templated":true}]}}