{"id":313045,"date":"2026-04-30T14:22:47","date_gmt":"2026-04-30T20:22:47","guid":{"rendered":"https:\/\/sintesis.com.mx\/tlaxcala\/?p=313045"},"modified":"2026-04-30T14:23:27","modified_gmt":"2026-04-30T20:23:27","slug":"piden-consejeras-consejeros-infantiles-la-cedht-respeto-real-los-derechos-todas-las-infancias","status":"publish","type":"post","link":"https:\/\/sintesis.com.mx\/tlaxcala\/2026\/04\/30\/piden-consejeras-consejeros-infantiles-la-cedht-respeto-real-los-derechos-todas-las-infancias\/","title":{"rendered":"Piden consejeras y consejeros infantiles de la CEDHT respeto real de los derechos de todas las infancias"},"content":{"rendered":"<h4><strong>El Consejo infantil celebr\u00f3 su Primera Sesi\u00f3n ordinaria en el organismo aut\u00f3nomo despu\u00e9s de hacer la promesa de ser defensores y defensoras de DH<\/strong><\/h4>\n<p>Las y los ni\u00f1os que integran el Consejo Consultivo Infantil de la Comisi\u00f3n Estatal de Derechos Humanos de Tlaxcala (CEDHT) piden garant\u00edas reales para el respeto a los derechos de todas las infancias, pues de acuerdo a su percepci\u00f3n a\u00fan existen situaciones que vulneran su dignidad.<\/p>\n<p>En los videos que enviaron a la CEDHT para participar e integrar el consejo consultivo infantil, las y los participantes manifestaron la necesidad de que les sean respetados sus derechos a la educaci\u00f3n, a la vida digna y el derecho a la identidad, que los diputados hagan leyes que garanticen el alto al bullying, una vivienda digna, que no haya m\u00e1s embarazos infantiles y normas para el uso de telefon\u00eda celular o herramientas digitales, entre otras cosas.<\/p>\n<p>Ellas y ellos tambi\u00e9n piden justicia para las infancias que se trabajan en las calles y no van a la escuela, que haya menos violencia, menos abusos por parte de las personas adultas y respeto a las infancias con alguna discapacidad.<\/p>\n<p>La convocatoria para integrar el Consejo Consultivo Infantil la emiti\u00f3 la CEDHT, en el marco de la conmemoraci\u00f3n del D\u00eda de la Ni\u00f1a y el Ni\u00f1o, por lo que quienes resultaron finalistas hicieron su promesa como embajadores de derechos humanos, ante el Consejo que preside la Ombudsperson, Jakqueline Ordo\u00f1ez Brasdefer y es integrado por Leticia Valera Gonz\u00e1lez, Agust\u00edn Flores Pe\u00f1a, Fernando George Zecua y Jes\u00fas Rivera Pantoja.<\/p>\n<p>Como parte de la selecci\u00f3n de las ni\u00f1as y ni\u00f1os, el Consejo consultivo de la CEDHT acord\u00f3 nombrar a 5 ni\u00f1as y ni\u00f1os en cargos como la Secretar\u00eda ejecutiva, la Secretar\u00eda y las Visitadur\u00edas general, Regional Norte y Regional Sur, quienes tambi\u00e9n hicieron su promesa como defensores y defensoras de los derechos humanos.<\/p>\n<p>Las y los ni\u00f1os finalistas son: Mat\u00edas Eduardo Meneses Jim\u00e9nez como Presidente; Kendra Castro Garrido, Consejera; Frida Camila Zambrano Rodr\u00edguez, Consejera; Jhonnatan Aguayo Altamirano; Consejero y Ang\u00e9lica V\u00e1zquez Arce, Consejera.<\/p>\n<p>Asimismo, las y los ni\u00f1os Aime Hassel Solano L\u00f3pez, Samantha Morales Teniza, Ana Camila Lima Atriano, Santiago Isa\u00ed Pluma V\u00e1zquez y Emma D\u00e1nae Acevedo Calder\u00f3n, fueron nombradas y nombrados con los cargos de Secretaria Ejecutiva, Secretaria T\u00e9cnica, Visitadora General, Visitador Regi\u00f3n Norte y Visitadora Regi\u00f3n Sur.<\/p>\n<p>En su intervenci\u00f3n, la presidenta de la CEDHT, destac\u00f3 la importancia de escuchar las voces de ni\u00f1as y ni\u00f1os \u201cgracias por participar, por confiar, por atreverse a expresar lo que piensan, lo que sienten y lo que sue\u00f1an para su comunidad\u201d.<\/p>\n<p>Tambi\u00e9n agradeci\u00f3 a madres, padres, personas cuidadoras y docentes que acompa\u00f1aron a las infancias para participar en esta convocatoria, \u201cporque detr\u00e1s de cada ni\u00f1a y cada ni\u00f1o que hoy est\u00e1 aqu\u00ed, hay acompa\u00f1amiento, hay ense\u00f1anza y hay confianza\u201d.<\/p>\n<p>Agreg\u00f3 que el Consejo infantil no es solo un espacio simb\u00f3lico, sino un compromiso real de la CEDHT para escucharles, aprender de las infancias y caminar junto a ellas en la construcci\u00f3n de una sociedad m\u00e1s justa, \u201cporque ellas y ellos nos muestran el camino para lo que tenemos que hacer, ellos ven lo que los adultos obviamos\u201d.<\/p>\n<p>A la instalaci\u00f3n del Consejo consultivo infantil asistieron la presidenta honor\u00edfica del Sistema Estatal para el Desarrollo Integral de la Familia (Sedif), Mariana Espinoza de los Monteros Cuellar y la presidenta del Tribunal Superior de Justicia del Estado (TSJE), Fanny Margarita Amador Montes, as\u00ed como familia de las infancias y docentes.<\/p>\n","protected":false},"excerpt":{"rendered":"<p>El Consejo infantil celebr\u00f3 su Primera Sesi\u00f3n ordinaria en el organismo aut\u00f3nomo despu\u00e9s de hacer la promesa de ser defensores y defensoras de DH Las y los ni\u00f1os que integran el Consejo Consultivo Infantil de la Comisi\u00f3n Estatal de Derechos Humanos de Tlaxcala (CEDHT) piden garant\u00edas reales para el respeto a los derechos de todas [&hellip;]<\/p>\n","protected":false},"author":3,"featured_media":313046,"comment_status":"open","ping_status":"open","sticky":false,"template":"","format":"standard","meta":{"footnotes":""},"categories":[60776],"tags":[352,3326,13,32998,153,154,5073,18601,19446,157,5697,6096,24533],"yst_prominent_words":[7788,13978,13987,7804,7801,7806,9498,30206,8136,8028,9110,17765],"class_list":["post-313045","post","type-post","status-publish","format-standard","has-post-thumbnail","hentry","category-cedh","tag-slide","tag-slideapp","tag-slider","tag-sliderapp","tag-tlaxcala","tag-tlaxesnoticia","tag-tlaxesnoticiaapp","tag-tlaxhoyesnoticia","tag-tlaxhoyesnoticiaapp","tag-tlaxslide","tag-tlaxslideapp","tag-tlaxslider","tag-tlaxsliderapp"],"_links":{"self":[{"href":"https:\/\/sintesis.com.mx\/tlaxcala\/wp-json\/wp\/v2\/posts\/313045"}],"collection":[{"href":"https:\/\/sintesis.com.mx\/tlaxcala\/wp-json\/wp\/v2\/posts"}],"about":[{"href":"https:\/\/sintesis.com.mx\/tlaxcala\/wp-json\/wp\/v2\/types\/post"}],"author":[{"embeddable":true,"href":"https:\/\/sintesis.com.mx\/tlaxcala\/wp-json\/wp\/v2\/users\/3"}],"replies":[{"embeddable":true,"href":"https:\/\/sintesis.com.mx\/tlaxcala\/wp-json\/wp\/v2\/comments?post=313045"}],"version-history":[{"count":1,"href":"https:\/\/sintesis.com.mx\/tlaxcala\/wp-json\/wp\/v2\/posts\/313045\/revisions"}],"predecessor-version":[{"id":313047,"href":"https:\/\/sintesis.com.mx\/tlaxcala\/wp-json\/wp\/v2\/posts\/313045\/revisions\/313047"}],"wp:featuredmedia":[{"embeddable":true,"href":"https:\/\/sintesis.com.mx\/tlaxcala\/wp-json\/wp\/v2\/media\/313046"}],"wp:attachment":[{"href":"https:\/\/sintesis.com.mx\/tlaxcala\/wp-json\/wp\/v2\/media?parent=313045"}],"wp:term":[{"taxonomy":"category","embeddable":true,"href":"https:\/\/sintesis.com.mx\/tlaxcala\/wp-json\/wp\/v2\/categories?post=313045"},{"taxonomy":"post_tag","embeddable":true,"href":"https:\/\/sintesis.com.mx\/tlaxcala\/wp-json\/wp\/v2\/tags?post=313045"},{"taxonomy":"yst_prominent_words","embeddable":true,"href":"https:\/\/sintesis.com.mx\/tlaxcala\/wp-json\/wp\/v2\/yst_prominent_words?post=313045"}],"curies":[{"name":"wp","href":"https:\/\/api.w.org\/{rel}","templated":true}]}}