{"id":313057,"date":"2026-04-30T14:30:19","date_gmt":"2026-04-30T20:30:19","guid":{"rendered":"https:\/\/sintesis.com.mx\/tlaxcala\/?p=313057"},"modified":"2026-04-30T14:33:03","modified_gmt":"2026-04-30T20:33:03","slug":"instalan-primer-tribunal-disciplina-judicial-infantil-tlaxcala","status":"publish","type":"post","link":"https:\/\/sintesis.com.mx\/tlaxcala\/2026\/04\/30\/instalan-primer-tribunal-disciplina-judicial-infantil-tlaxcala\/","title":{"rendered":"Instalan el Primer Tribunal de Disciplina Judicial Infantil de Tlaxcala"},"content":{"rendered":"<h4><strong>Reivindican ni\u00f1as y ni\u00f1o su derecho a ser escuchados para que autoridades los tomen en cuenta al momento de realizar la toma de decisiones<\/strong><\/h4>\n<p>En un acto lleno de solemnidad jur\u00eddica, este d\u00eda se llev\u00f3 a cabo la instalaci\u00f3n del Primer Tribunal de Disciplina Judicial Infantil en Tlaxcala, tras la elecci\u00f3n de Zoe Itzayana S\u00e1nchez Xicohtencatl, quien asumi\u00f3 el cargo de magistrada presidenta, acompa\u00f1ada por las magistradas Alice Dayan Mendoza Montiel y Daniela Garc\u00eda Coyotzi, as\u00ed como por Ricardo Portillo Ram\u00edrez como Secretario de Acuerdos, quienes dieron voz real a las inquietudes y perspectivas de la infancia en el sistema de justicia.<\/p>\n<p>El protocolo de investidura estuvo marcado por la imposici\u00f3n de togas, s\u00edmbolo de la responsabilidad y \u00e9tica que conlleva juzgar y que estuvo a cargo de la presidenta del Tribunal de Disciplina Judicial, magistrada Violeta Fern\u00e1ndez V\u00e1zquez, as\u00ed como de las magistradas Dora Delia Hern\u00e1ndez Rold\u00e1n y Claudia Cervantes Rosales, quienes fueron las encargadas de investirlos, contando adem\u00e1s con la presencia de la titular de la Secretar\u00eda de las Mujeres de Tlaxcala, Nydia Cano Rodr\u00edguez, quien fungi\u00f3 como madrina del evento, respaldando este espacio de participaci\u00f3n ciudadana temprana.<\/p>\n<p>M\u00e1s all\u00e1 de la ceremonia, los integrantes del Tribunal Infantil emitieron un mensaje contundente sobre sus derechos fundamentales, reivindicaron con firmeza el derecho a ser escuchados, se\u00f1alando que su participaci\u00f3n en la resoluci\u00f3n de problemas y la toma de decisiones conjuntas es vital para una sociedad democr\u00e1tica. Para estos peque\u00f1os jueces, la justicia se define como el compromiso ineludible de tratar a todos por igual y brindar apoyo inmediato a quienes sufren maltrato, ya sea en el \u00e1mbito escolar o familiar.<\/p>\n<p>Uno de los puntos m\u00e1s cr\u00edticos de su pronunciamiento fue el llamado urgente a erradicar la denominada \u00abinfancia perdida\u00bb, por lo que solicitaron contribuir a poner fin al trabajo infantil, bajo la premisa de que un ni\u00f1o debe dedicar su tiempo al aprendizaje y al juego, y no a la preocupaci\u00f3n por el sustento econ\u00f3mico o la explotaci\u00f3n. Esta postura resalta la necesidad de pol\u00edticas p\u00fablicas que protejan la integridad f\u00edsica y emocional de los menores frente a las carencias del entorno.<\/p>\n<p>Finalmente, instaron a la sociedad y a las autoridades a sumar voluntades para garantizar un trato digno y libre de agresiones para cada ni\u00f1a y ni\u00f1o. Al concluir la sesi\u00f3n, los magistrados coincidieron en una reflexi\u00f3n poderosa: \u00abCada acci\u00f3n, por peque\u00f1a que parezca, puede marcar una diferencia\u00bb. Con esta instalaci\u00f3n, se siembra un precedente sobre la importancia de integrar la visi\u00f3n de la ni\u00f1ez en la construcci\u00f3n de un sistema de justicia m\u00e1s humano y equitativo.<\/p>\n<p>Estuvieron presentes en esta sesi\u00f3n la presidenta del Tribunal Superior de Justicia del Estado (TSJE), Fanny Margarita Amador Montes; la magistrada Marisol Barba P\u00e9rez y el magistrado Ricardo Rodolfo Trejo Ortiz, as\u00ed como familiares de las ni\u00f1as y ni\u00f1os participantes.<\/p>\n","protected":false},"excerpt":{"rendered":"<p>Reivindican ni\u00f1as y ni\u00f1o su derecho a ser escuchados para que autoridades los tomen en cuenta al momento de realizar la toma de decisiones En un acto lleno de solemnidad jur\u00eddica, este d\u00eda se llev\u00f3 a cabo la instalaci\u00f3n del Primer Tribunal de Disciplina Judicial Infantil en Tlaxcala, tras la elecci\u00f3n de Zoe Itzayana S\u00e1nchez [&hellip;]<\/p>\n","protected":false},"author":3,"featured_media":313058,"comment_status":"open","ping_status":"open","sticky":false,"template":"","format":"standard","meta":{"footnotes":""},"categories":[59908],"tags":[352,3326,13,32998,153,154,5073,18601,19446,157,5697,6096,24533],"yst_prominent_words":[7539,16155,7651,9498,7533,22388,8049,16478,9053,14211,16754,27905,7535],"class_list":["post-313057","post","type-post","status-publish","format-standard","has-post-thumbnail","hentry","category-poder-judicial","tag-slide","tag-slideapp","tag-slider","tag-sliderapp","tag-tlaxcala","tag-tlaxesnoticia","tag-tlaxesnoticiaapp","tag-tlaxhoyesnoticia","tag-tlaxhoyesnoticiaapp","tag-tlaxslide","tag-tlaxslideapp","tag-tlaxslider","tag-tlaxsliderapp"],"_links":{"self":[{"href":"https:\/\/sintesis.com.mx\/tlaxcala\/wp-json\/wp\/v2\/posts\/313057"}],"collection":[{"href":"https:\/\/sintesis.com.mx\/tlaxcala\/wp-json\/wp\/v2\/posts"}],"about":[{"href":"https:\/\/sintesis.com.mx\/tlaxcala\/wp-json\/wp\/v2\/types\/post"}],"author":[{"embeddable":true,"href":"https:\/\/sintesis.com.mx\/tlaxcala\/wp-json\/wp\/v2\/users\/3"}],"replies":[{"embeddable":true,"href":"https:\/\/sintesis.com.mx\/tlaxcala\/wp-json\/wp\/v2\/comments?post=313057"}],"version-history":[{"count":1,"href":"https:\/\/sintesis.com.mx\/tlaxcala\/wp-json\/wp\/v2\/posts\/313057\/revisions"}],"predecessor-version":[{"id":313059,"href":"https:\/\/sintesis.com.mx\/tlaxcala\/wp-json\/wp\/v2\/posts\/313057\/revisions\/313059"}],"wp:featuredmedia":[{"embeddable":true,"href":"https:\/\/sintesis.com.mx\/tlaxcala\/wp-json\/wp\/v2\/media\/313058"}],"wp:attachment":[{"href":"https:\/\/sintesis.com.mx\/tlaxcala\/wp-json\/wp\/v2\/media?parent=313057"}],"wp:term":[{"taxonomy":"category","embeddable":true,"href":"https:\/\/sintesis.com.mx\/tlaxcala\/wp-json\/wp\/v2\/categories?post=313057"},{"taxonomy":"post_tag","embeddable":true,"href":"https:\/\/sintesis.com.mx\/tlaxcala\/wp-json\/wp\/v2\/tags?post=313057"},{"taxonomy":"yst_prominent_words","embeddable":true,"href":"https:\/\/sintesis.com.mx\/tlaxcala\/wp-json\/wp\/v2\/yst_prominent_words?post=313057"}],"curies":[{"name":"wp","href":"https:\/\/api.w.org\/{rel}","templated":true}]}}