{"id":313064,"date":"2026-04-30T14:41:32","date_gmt":"2026-04-30T20:41:32","guid":{"rendered":"https:\/\/sintesis.com.mx\/tlaxcala\/?p=313064"},"modified":"2026-04-30T14:41:32","modified_gmt":"2026-04-30T20:41:32","slug":"jazz-mas-musica","status":"publish","type":"post","link":"https:\/\/sintesis.com.mx\/tlaxcala\/2026\/04\/30\/jazz-mas-musica\/","title":{"rendered":"Jazz: M\u00e1s que M\u00fasica"},"content":{"rendered":"<p>La m\u00fasica es una herramienta cultural que puede nutrir distintos aspectos de la sociedad, por lo que de manera constante se busca propiciar la existencia de espacios donde la poblaci\u00f3n en general pueda disfrutar de este tipo de arte.<\/p>\n<p>Un ejemplo de esto fue el \u201cFestival de M\u00fasica Tlaxcala 2025\u201d, que se llev\u00f3 a cabo del 16 al 22 de noviembre. Durante el evento se presentaron 40 agrupaciones de diversos g\u00e9neros.<\/p>\n<p>Al hablar de cada g\u00e9nero musical individualmente son poseedores de un contexto hist\u00f3rico propio que lo dota, por as\u00ed decirlo, de una personalidad y le permite hacer una contribuci\u00f3n \u00fanica donde quiera que se escuche.<\/p>\n<p>Uno de los g\u00e9neros que ilustra este tipo de casos es el jazz, un tipo de m\u00fasica que nace directamente de la multiculturalidad, ya que se mezclan las melod\u00edas afroamericanas con otros g\u00e9neros que eran populares durante su surgimiento en Estados Unidos, como el Rock and Roll y el Blues.<\/p>\n<p>Esta mezcla, para el colectivo de int\u00e9rpretes y p\u00fablico que disfrutan de la m\u00fasica, se convirti\u00f3 en un g\u00e9nero que a\u00fan hoy en d\u00eda conserva cualidades como letras se encuentran estrechamente ligadas a valores como la igualdad, la unidad y la paz, lo cual impulsa actitudes positivas a sus oyentes de todas las edades a ser agentes del cambio social que quieren vivir.<\/p>\n<p>Su importancia es tal que instituciones como la Organizaci\u00f3n de las Naciones Unidas para la Educaci\u00f3n la Ciencia y la Cultura promueven la celebraci\u00f3n del <strong>D\u00eda Internacional del Jazz<\/strong> con el objetivo de concientizar a la sociedad sobre sus virtudes lo cual fomenta un mayor aprecio, no solo por la m\u00fasica, sino tambi\u00e9n por las contribuciones que puede aportar m\u00e1s all\u00e1 del arte.<\/p>\n","protected":false},"excerpt":{"rendered":"<p>La m\u00fasica es una herramienta cultural que puede nutrir distintos aspectos de la sociedad, por lo que de manera constante se busca propiciar la existencia de espacios donde la poblaci\u00f3n en general pueda disfrutar de este tipo de arte. Un ejemplo de esto fue el \u201cFestival de M\u00fasica Tlaxcala 2025\u201d, que se llev\u00f3 a cabo [&hellip;]<\/p>\n","protected":false},"author":43,"featured_media":313063,"comment_status":"open","ping_status":"open","sticky":false,"template":"","format":"standard","meta":{"footnotes":""},"categories":[5],"tags":[66621,295],"yst_prominent_words":[7710,9763,30435,30649,9790,8168,7570],"class_list":["post-313064","post","type-post","status-publish","format-standard","has-post-thumbnail","hentry","category-cultura","tag-dia-internacional-del-jazz","tag-musica"],"_links":{"self":[{"href":"https:\/\/sintesis.com.mx\/tlaxcala\/wp-json\/wp\/v2\/posts\/313064"}],"collection":[{"href":"https:\/\/sintesis.com.mx\/tlaxcala\/wp-json\/wp\/v2\/posts"}],"about":[{"href":"https:\/\/sintesis.com.mx\/tlaxcala\/wp-json\/wp\/v2\/types\/post"}],"author":[{"embeddable":true,"href":"https:\/\/sintesis.com.mx\/tlaxcala\/wp-json\/wp\/v2\/users\/43"}],"replies":[{"embeddable":true,"href":"https:\/\/sintesis.com.mx\/tlaxcala\/wp-json\/wp\/v2\/comments?post=313064"}],"version-history":[{"count":0,"href":"https:\/\/sintesis.com.mx\/tlaxcala\/wp-json\/wp\/v2\/posts\/313064\/revisions"}],"wp:featuredmedia":[{"embeddable":true,"href":"https:\/\/sintesis.com.mx\/tlaxcala\/wp-json\/wp\/v2\/media\/313063"}],"wp:attachment":[{"href":"https:\/\/sintesis.com.mx\/tlaxcala\/wp-json\/wp\/v2\/media?parent=313064"}],"wp:term":[{"taxonomy":"category","embeddable":true,"href":"https:\/\/sintesis.com.mx\/tlaxcala\/wp-json\/wp\/v2\/categories?post=313064"},{"taxonomy":"post_tag","embeddable":true,"href":"https:\/\/sintesis.com.mx\/tlaxcala\/wp-json\/wp\/v2\/tags?post=313064"},{"taxonomy":"yst_prominent_words","embeddable":true,"href":"https:\/\/sintesis.com.mx\/tlaxcala\/wp-json\/wp\/v2\/yst_prominent_words?post=313064"}],"curies":[{"name":"wp","href":"https:\/\/api.w.org\/{rel}","templated":true}]}}