{"id":313068,"date":"2026-04-30T14:54:50","date_gmt":"2026-04-30T20:54:50","guid":{"rendered":"https:\/\/sintesis.com.mx\/tlaxcala\/?p=313068"},"modified":"2026-04-30T14:54:50","modified_gmt":"2026-04-30T20:54:50","slug":"mas-3-mil-estudiantes-celebraran-aniversario-la-fnerrr","status":"publish","type":"post","link":"https:\/\/sintesis.com.mx\/tlaxcala\/2026\/04\/30\/mas-3-mil-estudiantes-celebraran-aniversario-la-fnerrr\/","title":{"rendered":"M\u00e1s de 3 mil estudiantes celebrar\u00e1n aniversario de la FNERRR"},"content":{"rendered":"<p class=\"p1\"><em><strong>Contingente tlaxcalteca ser\u00e1 parte del evento en Puebla<\/strong><\/em><\/p>\n<p class=\"p1\"><span class=\"s2\">En rueda de prensa, integrantes de la <\/span><span class=\"s3\">Federaci\u00f3n Nacional de Estudiantes Revolucionarios Rafael Ram\u00edrez<\/span><span class=\"s1\"> (FNERRR)<\/span><span class=\"s2\"> informaron que m\u00e1s de 3 mil estudiantes participar\u00e1n en las actividades conmemorativas por el 27 aniversario de la organizaci\u00f3n y los 45 a\u00f1os de lucha de las casas del estudiante en el pa\u00eds.<\/span><\/p>\n<p class=\"p1\"><span class=\"s2\">Durante el encuentro con medios, encabezado por la dirigente estatal, Fernanda V\u00e1zquez, y acompa\u00f1ada por integrantes del comit\u00e9 en Tlaxcala, se dio a conocer que un contingente de 100 estudiantes de nivel medio superior y superior representar\u00e1 a la entidad en el evento pol\u00edtico-cultural que se llevar\u00e1 a cabo el pr\u00f3ximo 2 de mayo en el <\/span><span class=\"s3\">Centro Cultural Universitario BUAP<\/span><span class=\"s2\">, en el estado de <\/span><span class=\"s4\">Puebla<\/span><span class=\"s2\">.<\/span><\/p>\n<p class=\"p1\"><span class=\"s2\">Los organizadores destacaron que las casas del estudiante han sido producto de la lucha organizada a lo largo de d\u00e9cadas, permitiendo que j\u00f3venes de escasos recursos puedan continuar con sus estudios. En ese sentido, se\u00f1alaron que en cada entidad del pa\u00eds existe al menos un espacio de este tipo, que brinda alojamiento y apoyo a estudiantes.<\/span><\/p>\n<p class=\"p1\"><span class=\"s2\">En el caso de Tlaxcala, resaltaron el papel de la Casa del Estudiante \u201cTlahuicole\u201d, la cual ha permitido que decenas de j\u00f3venes concluyan sus estudios de nivel medio superior y superior. Asimismo, subrayaron que alrededor de 900 estudiantes en el estado se mantienen organizados para gestionar mejoras en infraestructura educativa.<\/span><\/p>\n<p class=\"p1\"><span class=\"s2\">Entre los avances mencionaron la construcci\u00f3n de laboratorios, techumbres, canchas deportivas y espacios culturales en distintos planteles, como parte de la gesti\u00f3n estudiantil. No obstante, tambi\u00e9n hicieron \u00e9nfasis en las carencias que persisten en el sistema educativo, como la falta de agua potable, equipamiento, laboratorios y acceso a herramientas tecnol\u00f3gicas en diversas escuelas.<\/span><\/p>\n<p class=\"p1\"><span class=\"s2\">Los representantes estudiantiles se\u00f1alaron que estas desigualdades impactan directamente en la formaci\u00f3n acad\u00e9mica de los j\u00f3venes y limitan sus oportunidades de ingreso a la educaci\u00f3n superior, especialmente en comparaci\u00f3n con quienes estudian en instituciones privadas.<\/span><\/p>\n<p class=\"p1\"><span class=\"s2\">Finalmente, hicieron un llamado a la comunidad estudiantil a integrarse a la FNERRR, as\u00ed como a participar en sus actividades culturales, deportivas y acad\u00e9micas, con el objetivo de fortalecer una juventud cr\u00edtica, organizada y comprometida con las problem\u00e1ticas sociales del pa\u00eds.<\/span><\/p>\n","protected":false},"excerpt":{"rendered":"<p>Contingente tlaxcalteca ser\u00e1 parte del evento en Puebla En rueda de prensa, integrantes de la Federaci\u00f3n Nacional de Estudiantes Revolucionarios Rafael Ram\u00edrez (FNERRR) informaron que m\u00e1s de 3 mil estudiantes participar\u00e1n en las actividades conmemorativas por el 27 aniversario de la organizaci\u00f3n y los 45 a\u00f1os de lucha de las casas del estudiante en el [&hellip;]<\/p>\n","protected":false},"author":89,"featured_media":313069,"comment_status":"open","ping_status":"open","sticky":false,"template":"","format":"standard","meta":{"footnotes":""},"categories":[52854,150],"tags":[66622,17,3430,352,13,32998,153,154,5073,18601,19446,157,5697,6096,24533],"yst_prominent_words":[7541,11770,38996,7687,8276,40754,7830,7775,14055,11470,16049,13487,13483,16043,8279,12744,7534,16054],"class_list":["post-313068","post","type-post","status-publish","format-standard","has-post-thumbnail","hentry","category-educacion","category-metropoli-tlaxcala","tag-federacion-nacional-de-estudiantes-revolucionarios-rafael-ramirez-fnerrr","tag-hoyesnoticia","tag-hoyesnoticiaapp","tag-slide","tag-slider","tag-sliderapp","tag-tlaxcala","tag-tlaxesnoticia","tag-tlaxesnoticiaapp","tag-tlaxhoyesnoticia","tag-tlaxhoyesnoticiaapp","tag-tlaxslide","tag-tlaxslideapp","tag-tlaxslider","tag-tlaxsliderapp"],"_links":{"self":[{"href":"https:\/\/sintesis.com.mx\/tlaxcala\/wp-json\/wp\/v2\/posts\/313068"}],"collection":[{"href":"https:\/\/sintesis.com.mx\/tlaxcala\/wp-json\/wp\/v2\/posts"}],"about":[{"href":"https:\/\/sintesis.com.mx\/tlaxcala\/wp-json\/wp\/v2\/types\/post"}],"author":[{"embeddable":true,"href":"https:\/\/sintesis.com.mx\/tlaxcala\/wp-json\/wp\/v2\/users\/89"}],"replies":[{"embeddable":true,"href":"https:\/\/sintesis.com.mx\/tlaxcala\/wp-json\/wp\/v2\/comments?post=313068"}],"version-history":[{"count":1,"href":"https:\/\/sintesis.com.mx\/tlaxcala\/wp-json\/wp\/v2\/posts\/313068\/revisions"}],"predecessor-version":[{"id":313070,"href":"https:\/\/sintesis.com.mx\/tlaxcala\/wp-json\/wp\/v2\/posts\/313068\/revisions\/313070"}],"wp:featuredmedia":[{"embeddable":true,"href":"https:\/\/sintesis.com.mx\/tlaxcala\/wp-json\/wp\/v2\/media\/313069"}],"wp:attachment":[{"href":"https:\/\/sintesis.com.mx\/tlaxcala\/wp-json\/wp\/v2\/media?parent=313068"}],"wp:term":[{"taxonomy":"category","embeddable":true,"href":"https:\/\/sintesis.com.mx\/tlaxcala\/wp-json\/wp\/v2\/categories?post=313068"},{"taxonomy":"post_tag","embeddable":true,"href":"https:\/\/sintesis.com.mx\/tlaxcala\/wp-json\/wp\/v2\/tags?post=313068"},{"taxonomy":"yst_prominent_words","embeddable":true,"href":"https:\/\/sintesis.com.mx\/tlaxcala\/wp-json\/wp\/v2\/yst_prominent_words?post=313068"}],"curies":[{"name":"wp","href":"https:\/\/api.w.org\/{rel}","templated":true}]}}