{"id":313074,"date":"2026-04-30T16:36:10","date_gmt":"2026-04-30T22:36:10","guid":{"rendered":"https:\/\/sintesis.com.mx\/tlaxcala\/?p=313074"},"modified":"2026-04-30T17:16:16","modified_gmt":"2026-04-30T23:16:16","slug":"apizaco-celebra-en-grande-a-sus-ninas-y-ninos-con-una-kermes-llena-de-alegria-juegos-y-convivencia-familiar","status":"publish","type":"post","link":"https:\/\/sintesis.com.mx\/tlaxcala\/2026\/04\/30\/apizaco-celebra-en-grande-a-sus-ninas-y-ninos-con-una-kermes-llena-de-alegria-juegos-y-convivencia-familiar\/","title":{"rendered":"Apizaco celebra en grande a sus ni\u00f1as y ni\u00f1os con una kerm\u00e9s llena de alegr\u00eda, juegos y convivencia familiar"},"content":{"rendered":"<h4><strong>Al evento acudieron m\u00e1s de mil ni\u00f1as y ni\u00f1os que pasaron un momento de sano esparcimiento<\/strong><\/h4>\n<p>Entre risas, juegos y mucha emoci\u00f3n, el Gobierno Municipal de Apizaco, que encabeza Javier Rivera Bonilla, celebr\u00f3 el D\u00eda de la Ni\u00f1a y del Ni\u00f1o con una gran kerm\u00e9s en el Parque Cuauht\u00e9moc, donde cientos de familias se dieron cita para disfrutar de un ambiente lleno de color, diversi\u00f3n y momentos inolvidables.<\/p>\n<p>Desde el inicio, el entusiasmo de las ni\u00f1as y ni\u00f1os se hizo sentir con din\u00e1micas, concursos y sorpresas; adem\u00e1s, la jornada estuvo marcada por sonrisas, participaci\u00f3n y la energ\u00eda que caracteriza a la infancia apizaquense.<\/p>\n<p>Durante su mensaje, el presidente municipal, Javier Rivera Bonilla, destac\u00f3 que este d\u00eda \u201cnos llena el alma\u201d, al reconocer que las ni\u00f1as y ni\u00f1os son quienes dan sentido al trabajo diario del gobierno.<\/p>\n<p>Subray\u00f3 que no solo representan el futuro, sino el presente de la transformaci\u00f3n de Apizaco, ya que en cada risa y en cada juego se construye la esperanza de un mejor municipio.<\/p>\n<p>Asimismo, hizo un llamado a las familias para fortalecer los lazos desde lo m\u00e1s sencillo: la convivencia, el di\u00e1logo y el afecto.<\/p>\n<p>\u201cHoy m\u00e1s que nunca debemos dejar a un lado los dispositivos electr\u00f3nicos y volver a lo esencial: escucharnos, abrazarnos y estar presentes\u201d, expres\u00f3.<\/p>\n<p>El alcalde tambi\u00e9n reconoci\u00f3 el trabajo de la presidenta honor\u00edfica del DIF Municipal, Anabel Monter R\u00edos, as\u00ed como de la directora Reyna Geraldine Fern\u00e1ndez Su\u00e1rez, por su compromiso con el bienestar de las familias y la atenci\u00f3n a la infancia.<\/p>\n<p>Con un mensaje lleno de entusiasmo, el presidente municipal invit\u00f3 a las ni\u00f1as y ni\u00f1os a nunca dejar de so\u00f1ar, jugar e imaginar, mientras que a las familias les reiter\u00f3 la importancia de mantenerse unidas, cuidarse y caminar juntas por el bienestar de Apizaco.<\/p>\n","protected":false},"excerpt":{"rendered":"<p>Al evento acudieron m\u00e1s de mil ni\u00f1as y ni\u00f1os que pasaron un momento de sano esparcimiento Entre risas, juegos y mucha emoci\u00f3n, el Gobierno Municipal de Apizaco, que encabeza Javier Rivera Bonilla, celebr\u00f3 el D\u00eda de la Ni\u00f1a y del Ni\u00f1o con una gran kerm\u00e9s en el Parque Cuauht\u00e9moc, donde cientos de familias se dieron [&hellip;]<\/p>\n","protected":false},"author":3,"featured_media":313075,"comment_status":"open","ping_status":"open","sticky":false,"template":"","format":"standard","meta":{"footnotes":""},"categories":[695,59095],"tags":[3326,13,32998,154,5073,18601,19446,157,5697,6096,24533],"yst_prominent_words":[8619,10555,33983,11104,7937,19165,22636,24860,16922,9114,7961,8049,8136,8028,7764,7751,8677,33671,7524],"class_list":["post-313074","post","type-post","status-publish","format-standard","has-post-thumbnail","hentry","category-apizaco","category-ayuntamiento","tag-slideapp","tag-slider","tag-sliderapp","tag-tlaxesnoticia","tag-tlaxesnoticiaapp","tag-tlaxhoyesnoticia","tag-tlaxhoyesnoticiaapp","tag-tlaxslide","tag-tlaxslideapp","tag-tlaxslider","tag-tlaxsliderapp"],"_links":{"self":[{"href":"https:\/\/sintesis.com.mx\/tlaxcala\/wp-json\/wp\/v2\/posts\/313074"}],"collection":[{"href":"https:\/\/sintesis.com.mx\/tlaxcala\/wp-json\/wp\/v2\/posts"}],"about":[{"href":"https:\/\/sintesis.com.mx\/tlaxcala\/wp-json\/wp\/v2\/types\/post"}],"author":[{"embeddable":true,"href":"https:\/\/sintesis.com.mx\/tlaxcala\/wp-json\/wp\/v2\/users\/3"}],"replies":[{"embeddable":true,"href":"https:\/\/sintesis.com.mx\/tlaxcala\/wp-json\/wp\/v2\/comments?post=313074"}],"version-history":[{"count":1,"href":"https:\/\/sintesis.com.mx\/tlaxcala\/wp-json\/wp\/v2\/posts\/313074\/revisions"}],"predecessor-version":[{"id":313076,"href":"https:\/\/sintesis.com.mx\/tlaxcala\/wp-json\/wp\/v2\/posts\/313074\/revisions\/313076"}],"wp:featuredmedia":[{"embeddable":true,"href":"https:\/\/sintesis.com.mx\/tlaxcala\/wp-json\/wp\/v2\/media\/313075"}],"wp:attachment":[{"href":"https:\/\/sintesis.com.mx\/tlaxcala\/wp-json\/wp\/v2\/media?parent=313074"}],"wp:term":[{"taxonomy":"category","embeddable":true,"href":"https:\/\/sintesis.com.mx\/tlaxcala\/wp-json\/wp\/v2\/categories?post=313074"},{"taxonomy":"post_tag","embeddable":true,"href":"https:\/\/sintesis.com.mx\/tlaxcala\/wp-json\/wp\/v2\/tags?post=313074"},{"taxonomy":"yst_prominent_words","embeddable":true,"href":"https:\/\/sintesis.com.mx\/tlaxcala\/wp-json\/wp\/v2\/yst_prominent_words?post=313074"}],"curies":[{"name":"wp","href":"https:\/\/api.w.org\/{rel}","templated":true}]}}