{"id":313087,"date":"2026-04-30T17:48:19","date_gmt":"2026-04-30T23:48:19","guid":{"rendered":"https:\/\/sintesis.com.mx\/tlaxcala\/?p=313087"},"modified":"2026-04-30T17:49:59","modified_gmt":"2026-04-30T23:49:59","slug":"ayuntamiento-tlaxcala-secture-realizan-recorrido-turistico-infantil-dia-la-ninez","status":"publish","type":"post","link":"https:\/\/sintesis.com.mx\/tlaxcala\/2026\/04\/30\/ayuntamiento-tlaxcala-secture-realizan-recorrido-turistico-infantil-dia-la-ninez\/","title":{"rendered":"Ayuntamiento de Tlaxcala y SECTURE realizan recorrido tur\u00edstico infantil por el D\u00eda de la Ni\u00f1ez"},"content":{"rendered":"<p>En el marco del D\u00eda de la Ni\u00f1ez, el Ayuntamiento de Tlaxcala, que encabeza Alfonso S\u00e1nchez Garc\u00eda, a trav\u00e9s del Departamento de Turismo municipal y en coordinaci\u00f3n con la Secretar\u00eda de Turismo del Estado, llev\u00f3 a cabo un recorrido tur\u00edstico dirigido a ni\u00f1as y ni\u00f1os por algunos de los puntos m\u00e1s representativos de la capital.<\/p>\n<p>El evento dio inicio en las letras ubicadas en la Plaza de la Constituci\u00f3n, donde se realiz\u00f3 el acto protocolario del banderazo de salida del tranv\u00eda tur\u00edstico de la SECTURE. La salida fue encabezada por V\u00edctor Hugo Guti\u00e9rrez Morales, secretario del Ayuntamiento, en representaci\u00f3n del presidente municipal Alfonso S\u00e1nchez Garc\u00eda; Germ\u00e1n Montiel Huerta, director de Operaci\u00f3n Tur\u00edstica de la Secretar\u00eda de Turismo Estatal; Vladimir Mompeller Prado, director de Cultura; Emmanuel V\u00e1zquez Nava, director de Bienestar Humano; y Libia del Carmen \u00c1guila Vega, directora de la escuela primaria \u201cJuan Escutia\u201d, turno vespertino.<\/p>\n<p>Posteriormente, un grupo de alumnas y alumnos de dicha instituci\u00f3n abord\u00f3 el tranv\u00eda, acompa\u00f1ados por sus docentes, para iniciar el recorrido por la ciudad.<\/p>\n<p>Durante la ruta, las y los participantes visitaron diversos sitios emblem\u00e1ticos como el Teatro Xicoht\u00e9ncatl, la Iglesia de San Jos\u00e9, la Plaza Ju\u00e1rez, el Palacio Legislativo, el Palacio de Justicia, el Museo de Arte, las Escalinatas de los H\u00e9roes y la Plaza de Toros. A lo largo del trayecto, una gu\u00eda tur\u00edstica explic\u00f3 la relevancia hist\u00f3rica y arquitect\u00f3nica de cada uno de estos espacios.<\/p>\n<p>Como parte final del recorrido, el grupo visit\u00f3 la Bas\u00edlica de Ocotl\u00e1n, donde realizaron una parada para conocer m\u00e1s sobre la historia que rodea este importante sitio religioso.<\/p>\n<p>Las ni\u00f1as y los ni\u00f1os participantes mostraron entusiasmo e inter\u00e9s durante toda la actividad, destacando la importancia de este tipo de iniciativas para fomentar el conocimiento y la valoraci\u00f3n del patrimonio cultural desde temprana edad.<\/p>\n","protected":false},"excerpt":{"rendered":"<p>En el marco del D\u00eda de la Ni\u00f1ez, el Ayuntamiento de Tlaxcala, que encabeza Alfonso S\u00e1nchez Garc\u00eda, a trav\u00e9s del Departamento de Turismo municipal y en coordinaci\u00f3n con la Secretar\u00eda de Turismo del Estado, llev\u00f3 a cabo un recorrido tur\u00edstico dirigido a ni\u00f1as y ni\u00f1os por algunos de los puntos m\u00e1s representativos de la capital. [&hellip;]<\/p>\n","protected":false},"author":3,"featured_media":313088,"comment_status":"open","ping_status":"open","sticky":false,"template":"","format":"standard","meta":{"footnotes":""},"categories":[59095,150],"tags":[352,3326,13,32998,153,154,5073,18601,19446,157,5697,6096,24533],"yst_prominent_words":[36981,7976,8813,15285,7961,8049,8028,9260,8877,20921,8997,34000,7981,9217,8020,13988,11383],"class_list":["post-313087","post","type-post","status-publish","format-standard","has-post-thumbnail","hentry","category-ayuntamiento","category-metropoli-tlaxcala","tag-slide","tag-slideapp","tag-slider","tag-sliderapp","tag-tlaxcala","tag-tlaxesnoticia","tag-tlaxesnoticiaapp","tag-tlaxhoyesnoticia","tag-tlaxhoyesnoticiaapp","tag-tlaxslide","tag-tlaxslideapp","tag-tlaxslider","tag-tlaxsliderapp"],"_links":{"self":[{"href":"https:\/\/sintesis.com.mx\/tlaxcala\/wp-json\/wp\/v2\/posts\/313087"}],"collection":[{"href":"https:\/\/sintesis.com.mx\/tlaxcala\/wp-json\/wp\/v2\/posts"}],"about":[{"href":"https:\/\/sintesis.com.mx\/tlaxcala\/wp-json\/wp\/v2\/types\/post"}],"author":[{"embeddable":true,"href":"https:\/\/sintesis.com.mx\/tlaxcala\/wp-json\/wp\/v2\/users\/3"}],"replies":[{"embeddable":true,"href":"https:\/\/sintesis.com.mx\/tlaxcala\/wp-json\/wp\/v2\/comments?post=313087"}],"version-history":[{"count":1,"href":"https:\/\/sintesis.com.mx\/tlaxcala\/wp-json\/wp\/v2\/posts\/313087\/revisions"}],"predecessor-version":[{"id":313089,"href":"https:\/\/sintesis.com.mx\/tlaxcala\/wp-json\/wp\/v2\/posts\/313087\/revisions\/313089"}],"wp:featuredmedia":[{"embeddable":true,"href":"https:\/\/sintesis.com.mx\/tlaxcala\/wp-json\/wp\/v2\/media\/313088"}],"wp:attachment":[{"href":"https:\/\/sintesis.com.mx\/tlaxcala\/wp-json\/wp\/v2\/media?parent=313087"}],"wp:term":[{"taxonomy":"category","embeddable":true,"href":"https:\/\/sintesis.com.mx\/tlaxcala\/wp-json\/wp\/v2\/categories?post=313087"},{"taxonomy":"post_tag","embeddable":true,"href":"https:\/\/sintesis.com.mx\/tlaxcala\/wp-json\/wp\/v2\/tags?post=313087"},{"taxonomy":"yst_prominent_words","embeddable":true,"href":"https:\/\/sintesis.com.mx\/tlaxcala\/wp-json\/wp\/v2\/yst_prominent_words?post=313087"}],"curies":[{"name":"wp","href":"https:\/\/api.w.org\/{rel}","templated":true}]}}