{"id":313096,"date":"2026-04-30T18:11:41","date_gmt":"2026-05-01T00:11:41","guid":{"rendered":"https:\/\/sintesis.com.mx\/tlaxcala\/?p=313096"},"modified":"2026-04-30T18:12:50","modified_gmt":"2026-05-01T00:12:50","slug":"h-consejo-universitario-reconoce-el-liderazgo-educativo-y-el-empuje-que-el-dr-serafin-ortiz-ha-dado-a-la-uatx","status":"publish","type":"post","link":"https:\/\/sintesis.com.mx\/tlaxcala\/2026\/04\/30\/h-consejo-universitario-reconoce-el-liderazgo-educativo-y-el-empuje-que-el-dr-serafin-ortiz-ha-dado-a-la-uatx\/","title":{"rendered":"H. Consejo Universitario reconoce el liderazgo educativo y el empuje que Seraf\u00edn Ortiz ha dado a la UATx"},"content":{"rendered":"<p>En distinci\u00f3n a su participaci\u00f3n en la II Cumbre de Rectoras y Rectores M\u00e9xico-Espa\u00f1a, a su liderazgo educativo, a la creaci\u00f3n del Modelo Humanista Integrador basado en Capacidades y a su s\u00f3lida trayectoria como hombre de ciencia, el Honorable Consejo Universitario de la Universidad Aut\u00f3noma de Tlaxcala (UATx) entreg\u00f3 un reconocimiento al Rector, Doctor Seraf\u00edn Ortiz Ortiz.<\/p>\n<p>En la Sala de Sesiones del Pleno, los integrantes del Honorable Consejo patentizaron su orgullo y satisfacci\u00f3n por la proyecci\u00f3n de la UATx en el concierto internacional de la educaci\u00f3n superior y el sobresaliente impacto de la Autorrealizaci\u00f3n, al quedar asentada como un eje educativo en la Declaratoria de la II Cumbre de Rectoras y Rectores M\u00e9xico-Espa\u00f1a.<\/p>\n<p>El Doctor Seraf\u00edn Ortiz subray\u00f3 que la grandeza de Tlaxcala se posiciona con su modelo educativo que puede ser seguido en el contexto de las naciones, hecho que permitir\u00e1 que la Universidad de la Autorrealizaci\u00f3n tenga un crecimiento importante, porque pasar\u00e1 de ser una funci\u00f3n sustantiva de la UATx a ser un eje fundamental de la universidad contempor\u00e1nea en M\u00e9xico y en el mundo.<\/p>\n<p>Reiter\u00f3 que la universidad traza trayectorias de vida en virtud que desde las diferentes disciplinas del saber se contribuye a transformar a la sociedad y a los diferentes escenarios de la rep\u00fablica.<\/p>\n","protected":false},"excerpt":{"rendered":"<p>En distinci\u00f3n a su participaci\u00f3n en la II Cumbre de Rectoras y Rectores M\u00e9xico-Espa\u00f1a, a su liderazgo educativo, a la creaci\u00f3n del Modelo Humanista Integrador basado en Capacidades y a su s\u00f3lida trayectoria como hombre de ciencia, el Honorable Consejo Universitario de la Universidad Aut\u00f3noma de Tlaxcala (UATx) entreg\u00f3 un reconocimiento al Rector, Doctor Seraf\u00edn [&hellip;]<\/p>\n","protected":false},"author":3,"featured_media":313097,"comment_status":"open","ping_status":"open","sticky":false,"template":"","format":"standard","meta":{"footnotes":""},"categories":[59314],"tags":[352,3326,13,32998,153,154,5073,18601,19446,157,5697,6096,24533,6519],"yst_prominent_words":[7706,43799,31092,8320,31929,35938,14142,8905],"class_list":["post-313096","post","type-post","status-publish","format-standard","has-post-thumbnail","hentry","category-uatx","tag-slide","tag-slideapp","tag-slider","tag-sliderapp","tag-tlaxcala","tag-tlaxesnoticia","tag-tlaxesnoticiaapp","tag-tlaxhoyesnoticia","tag-tlaxhoyesnoticiaapp","tag-tlaxslide","tag-tlaxslideapp","tag-tlaxslider","tag-tlaxsliderapp","tag-uatx"],"_links":{"self":[{"href":"https:\/\/sintesis.com.mx\/tlaxcala\/wp-json\/wp\/v2\/posts\/313096"}],"collection":[{"href":"https:\/\/sintesis.com.mx\/tlaxcala\/wp-json\/wp\/v2\/posts"}],"about":[{"href":"https:\/\/sintesis.com.mx\/tlaxcala\/wp-json\/wp\/v2\/types\/post"}],"author":[{"embeddable":true,"href":"https:\/\/sintesis.com.mx\/tlaxcala\/wp-json\/wp\/v2\/users\/3"}],"replies":[{"embeddable":true,"href":"https:\/\/sintesis.com.mx\/tlaxcala\/wp-json\/wp\/v2\/comments?post=313096"}],"version-history":[{"count":1,"href":"https:\/\/sintesis.com.mx\/tlaxcala\/wp-json\/wp\/v2\/posts\/313096\/revisions"}],"predecessor-version":[{"id":313098,"href":"https:\/\/sintesis.com.mx\/tlaxcala\/wp-json\/wp\/v2\/posts\/313096\/revisions\/313098"}],"wp:featuredmedia":[{"embeddable":true,"href":"https:\/\/sintesis.com.mx\/tlaxcala\/wp-json\/wp\/v2\/media\/313097"}],"wp:attachment":[{"href":"https:\/\/sintesis.com.mx\/tlaxcala\/wp-json\/wp\/v2\/media?parent=313096"}],"wp:term":[{"taxonomy":"category","embeddable":true,"href":"https:\/\/sintesis.com.mx\/tlaxcala\/wp-json\/wp\/v2\/categories?post=313096"},{"taxonomy":"post_tag","embeddable":true,"href":"https:\/\/sintesis.com.mx\/tlaxcala\/wp-json\/wp\/v2\/tags?post=313096"},{"taxonomy":"yst_prominent_words","embeddable":true,"href":"https:\/\/sintesis.com.mx\/tlaxcala\/wp-json\/wp\/v2\/yst_prominent_words?post=313096"}],"curies":[{"name":"wp","href":"https:\/\/api.w.org\/{rel}","templated":true}]}}