{"id":313102,"date":"2026-04-30T18:53:44","date_gmt":"2026-05-01T00:53:44","guid":{"rendered":"https:\/\/sintesis.com.mx\/tlaxcala\/?p=313102"},"modified":"2026-04-30T19:01:07","modified_gmt":"2026-05-01T01:01:07","slug":"la-arquera-mexicana-adriana-castillo-viajara-la-copa-del-mundo-china","status":"publish","type":"post","link":"https:\/\/sintesis.com.mx\/tlaxcala\/2026\/04\/30\/la-arquera-mexicana-adriana-castillo-viajara-la-copa-del-mundo-china\/","title":{"rendered":"La arquera mexicana Adriana Castillo viajar\u00e1 a la Copa del Mundo en China"},"content":{"rendered":"<h4><strong>La deportista que compite en Olimpiada Nacional 2026 viajar\u00e1 a Shangh\u00e1i para competir en su segunda etapa.<\/strong><\/h4>\n<p>La arquera mexicana Adriana Castillo, quien se encuentra dentro de la justa amateur nacional m\u00e1s importante del pa\u00eds, realizada en la Ciudad Deportiva de Alto Rendimiento, se reporta lista para competir en la segunda fecha de la Copa del Mundo de Tiro con Arco, la cual se desarrollar\u00e1 en Shangh\u00e1i, China, del cinco al 10 de mayo.<\/p>\n<p>Luego de obtener medalla de plata para Baja California en la modalidad arco compuesto mixto en Olimpiada Nacional, destac\u00f3 que viajar\u00e1 a sus siguientes compromisos, entre ellos la sede de la Copa del Mundo: \u201cIremos a Shangh\u00e1i junto a la selecci\u00f3n de compuesto y recurvo femenil y varonil; posteriormente viajaremos a Suiza para realizar una concentraci\u00f3n y finalmente culminaremos en Antalya, Turqu\u00eda.\u201d<\/p>\n<p>Despu\u00e9s de haber estado en Puebla a inicios de mes en la primera fecha del gran circuito internacional, la experimentada atleta se\u00f1al\u00f3 que disfruta mucho estar en Olimpiada Nacional en Tlaxcala, pues vivir el ambiente de la competencia, que califica como un torneo de amistad, la hace sentir bien: \u201cEs un torneo donde puedes estar cerca de las personas que te apoyan; para m\u00ed es venir a disfrutarlo y dar lo mejor.\u201d<\/p>\n<p>Asegur\u00f3 que no existe presi\u00f3n por ubicarse dentro del medallero: \u201cAl contrario, venimos con m\u00e1s entusiasmo al saber que voy contra mi compa\u00f1ero, contra otra persona que tambi\u00e9n disfruta tirar.\u201d Castillo agreg\u00f3 que, durante su largo camino en Olimpiada Nacional, ha tenido aprendizajes significativos: \u201cEn un principio practicas el deporte por diversi\u00f3n; a medida que pasa el tiempo y llegas a un nivel internacional tambi\u00e9n te diviertes, pero adem\u00e1s buscas dar lo mejor y todo por lo que has trabajado durante los a\u00f1os previos.\u201d<\/p>\n<p>La tijuanense tuvo un extraordinario debut como seleccionada nacional en 2025, donde obtuvo medalla de oro en el equipo femenil en el Campeonato Mundial de Gwangju, Corea; adem\u00e1s del oro en el Campeonato Mundial Juvenil en Winnipeg, Canad\u00e1, y oro en equipo femenil y plata individual en los Juegos Panamericanos Junior en Asunci\u00f3n 2025.<\/p>\n<p>\u201cOlimpiada Nacional representa familia, pues nos reunimos todos; vienen los padres a apoyar a sus hijos, la mayor\u00eda nos conocemos desde hace muchos a\u00f1os.\u201d<\/p>\n<p>Asegur\u00f3 que los pap\u00e1s son parte fundamental para la carrera de los deportistas: \u201cEs el apoyo que no se ve tan visible, pero que es el m\u00e1s importante por la convivencia diaria; son quienes te empujan y se nota su presencia, pues brindan \u00e1nimo a sus hijos.\u201d<\/p>\n<p>La delegaci\u00f3n mexicana est\u00e1 integrada por Ana Sof\u00eda Hern\u00e1ndez, Maya Becerra, Adriana Castillo y Dafne Quintero en arco compuesto femenil; en la rama varonil ser\u00e1n M\u00e1ximo M\u00e9ndez, Rodrigo Gonz\u00e1lez, Sebasti\u00e1n Garc\u00eda y Juan del R\u00edo.<\/p>\n<p>Rebeca M\u00e1rquez, \u00c1ngela Ruiz, Alejandra Valencia y Ana Paula V\u00e1zquez competir\u00e1n en la rama femenil en arco recurvo; en la rama varonil estar\u00e1n Tadeo Rodr\u00edguez, Francisco Padilla, Mat\u00edas Grande y Juan Pablo T\u00e9llez.<\/p>\n","protected":false},"excerpt":{"rendered":"<p>La deportista que compite en Olimpiada Nacional 2026 viajar\u00e1 a Shangh\u00e1i para competir en su segunda etapa. La arquera mexicana Adriana Castillo, quien se encuentra dentro de la justa amateur nacional m\u00e1s importante del pa\u00eds, realizada en la Ciudad Deportiva de Alto Rendimiento, se reporta lista para competir en la segunda fecha de la Copa [&hellip;]<\/p>\n","protected":false},"author":3,"featured_media":313103,"comment_status":"open","ping_status":"open","sticky":false,"template":"","format":"standard","meta":{"footnotes":""},"categories":[6],"tags":[352,3326,13,32998,153,154,5073,18601,19446,157,5697,6096,24533],"yst_prominent_words":[14895,8016,12451,12597,46537,7685,42455,13157,23428],"class_list":["post-313102","post","type-post","status-publish","format-standard","has-post-thumbnail","hentry","category-deportes","tag-slide","tag-slideapp","tag-slider","tag-sliderapp","tag-tlaxcala","tag-tlaxesnoticia","tag-tlaxesnoticiaapp","tag-tlaxhoyesnoticia","tag-tlaxhoyesnoticiaapp","tag-tlaxslide","tag-tlaxslideapp","tag-tlaxslider","tag-tlaxsliderapp"],"_links":{"self":[{"href":"https:\/\/sintesis.com.mx\/tlaxcala\/wp-json\/wp\/v2\/posts\/313102"}],"collection":[{"href":"https:\/\/sintesis.com.mx\/tlaxcala\/wp-json\/wp\/v2\/posts"}],"about":[{"href":"https:\/\/sintesis.com.mx\/tlaxcala\/wp-json\/wp\/v2\/types\/post"}],"author":[{"embeddable":true,"href":"https:\/\/sintesis.com.mx\/tlaxcala\/wp-json\/wp\/v2\/users\/3"}],"replies":[{"embeddable":true,"href":"https:\/\/sintesis.com.mx\/tlaxcala\/wp-json\/wp\/v2\/comments?post=313102"}],"version-history":[{"count":1,"href":"https:\/\/sintesis.com.mx\/tlaxcala\/wp-json\/wp\/v2\/posts\/313102\/revisions"}],"predecessor-version":[{"id":313104,"href":"https:\/\/sintesis.com.mx\/tlaxcala\/wp-json\/wp\/v2\/posts\/313102\/revisions\/313104"}],"wp:featuredmedia":[{"embeddable":true,"href":"https:\/\/sintesis.com.mx\/tlaxcala\/wp-json\/wp\/v2\/media\/313103"}],"wp:attachment":[{"href":"https:\/\/sintesis.com.mx\/tlaxcala\/wp-json\/wp\/v2\/media?parent=313102"}],"wp:term":[{"taxonomy":"category","embeddable":true,"href":"https:\/\/sintesis.com.mx\/tlaxcala\/wp-json\/wp\/v2\/categories?post=313102"},{"taxonomy":"post_tag","embeddable":true,"href":"https:\/\/sintesis.com.mx\/tlaxcala\/wp-json\/wp\/v2\/tags?post=313102"},{"taxonomy":"yst_prominent_words","embeddable":true,"href":"https:\/\/sintesis.com.mx\/tlaxcala\/wp-json\/wp\/v2\/yst_prominent_words?post=313102"}],"curies":[{"name":"wp","href":"https:\/\/api.w.org\/{rel}","templated":true}]}}