{"id":43521,"date":"2017-06-08T13:52:30","date_gmt":"2017-06-08T19:52:30","guid":{"rendered":"https:\/\/www.sintesis.mx\/?p=43521"},"modified":"2017-06-08T13:52:30","modified_gmt":"2017-06-08T19:52:30","slug":"designan-a-victor-manuel-cid-nuevo-titular-la-cedh","status":"publish","type":"post","link":"https:\/\/sintesis.com.mx\/tlaxcala\/2017\/06\/08\/designan-a-victor-manuel-cid-nuevo-titular-la-cedh\/","title":{"rendered":"Designan a V\u00edctor Manuel Cid nuevo titular de la CEDH"},"content":{"rendered":"<p id=\"yui_3_16_0_1_1496931167020_34274\" class=\"yiv4116218927MsoNormal\" style=\"text-align: left;\" align=\"center\"><span id=\"yui_3_16_0_1_1496931167020_34285\">Ese jueves, durante una sesi\u00f3n extraordinaria los integrantes del la <strong>LXII Legislatura<\/strong> designaron a <strong>V\u00edctor Manuel Cid del Prado Pineda<\/strong>, como nuevo titular de la Comisi\u00f3n Estatal de Derechos Humanos (<strong>CEDH<\/strong>) asimismo, eligieron a los integrantes del Consejo Consultivo del mismo organismo. <\/span><\/p>\n<p class=\"yiv4116218927MsoNormal\">Dicho consejo, qued\u00f3 conformado por <strong>Juan P\u00e9rez Santacruz, Heber Romero Tlapapal, Mar\u00eda del Carmen Cruz Padilla y Mayra L\u00f3pez Lara.<\/strong><\/p>\n<p class=\"yiv4116218927MsoNormal\">Luego de la sesi\u00f3n extraordinaria que inici\u00f3 con una demora de casi dos horas, los diputados locales determinaron que los tres aspirantes m\u00e1s aptos y mejores evaluados para el cargo de titular de la CEDH fueron <strong>Pedro Emmanuel Ortega Espinosa, Francisco Javier Santill\u00e1n Cuautle y V\u00edctor Manuel Cid del Prado Pineda.<\/strong><\/p>\n<div style=\"width: 640px;\" class=\"wp-video\"><!--[if lt IE 9]><script>document.createElement('video');<\/script><![endif]-->\n<video class=\"wp-video-shortcode\" id=\"video-43521-1\" width=\"640\" height=\"362\" preload=\"metadata\" controls=\"controls\"><source type=\"video\/mp4\" src=\"http:\/\/sintesis.com.mx\/tlaxcala\/wp-content\/uploads\/2017\/06\/WhatsApp-Video-2017-06-08-at-2.28.56-PM.mp4?_=1\" \/><a href=\"http:\/\/sintesis.com.mx\/tlaxcala\/wp-content\/uploads\/2017\/06\/WhatsApp-Video-2017-06-08-at-2.28.56-PM.mp4\">http:\/\/sintesis.com.mx\/tlaxcala\/wp-content\/uploads\/2017\/06\/WhatsApp-Video-2017-06-08-at-2.28.56-PM.mp4<\/a><\/video><\/div>\n<p id=\"yui_3_16_0_1_1496931167020_34191\" class=\"yiv4116218927MsoNormal\">Por lo que de ellos, las comisiones unidas de <strong>Puntos Constitucionales, Gobernaci\u00f3n y Justicia y Asuntos Pol\u00edticos y de Derechos Humanos, Grupos Vulnerables y Derecho de Ni\u00f1as y Ni\u00f1os y Adolescentes<\/strong>, propusieron que fuera elegido quien ocupar\u00e1 el cargo de presidente de la CEDH<\/p>\n<p class=\"yiv4116218927MsoNormal\">Posteriormente, en la votaci\u00f3n correspondiente ante el pleno se obtuvieron cinco votos para <span id=\"yui_3_16_0_1_1496931167020_35376\">Pedro <strong>Emmanuel Ortega Espinosa, cero votos para Francisco Javier Santill\u00e1n Cuautle<\/strong>, y 19 votos para V\u00edctor Manuel Cid del Prado Pineda.<\/span><\/p>\n<p id=\"yui_3_16_0_1_1496931167020_34287\" class=\"yiv4116218927MsoNormal\">Motivo por el cual, <span id=\"yui_3_16_0_1_1496931167020_35379\">Cid del Prado Pineda fue designado como titular del \u00f3rgano aut\u00f3nomo<\/span><span id=\"yui_3_16_0_1_1496931167020_34288\"> por cuatros a\u00f1os, iniciando del doce\u00a0junio del a\u00f1o en curso al 11 junio de 2021, adem\u00e1s, de que tendr\u00e1 la oportunidad de ser reelegido por un periodo m\u00e1s con la misma duraci\u00f3n<\/span><\/p>\n<p id=\"yui_3_16_0_1_1496931167020_34290\" class=\"yiv4116218927MsoNormal\"><span id=\"yui_3_16_0_1_1496931167020_34291\">Cabe se\u00f1alar, que en el mismo acto protocolario se llev\u00f3 acabo de inmediato, la toma de protesta tanto de los nuevos integrantes del Consejo Consultivo y del presidente de la CEDH.<\/span><\/p>\n<p class=\"yiv4116218927MsoNormal\">\u00a0<span id=\"yui_3_16_0_1_1496931167020_34293\">Finalmente con un retraso de casi dos a\u00f1os y despu\u00e9s de un par de convocatorias, un proceso de impugnaci\u00f3n y dos evaluaciones a los aspirantes a dichos cargos, finalmente la entidad ya cuenta con los funcionarios defensores de los derechos humanos.\u00a0<\/span><\/p>\n","protected":false},"excerpt":{"rendered":"<p>Los tres aspirantes m\u00e1s aptos y mejores evaluados para el cargo de titular de la CEDH fueron Pedro Emmanuel Ortega Espinosa, Francisco Javier Santill\u00e1n Cuautle y V\u00edctor Manuel Cid del Prado Pineda<\/p>\n","protected":false},"author":3,"featured_media":0,"comment_status":"open","ping_status":"open","sticky":false,"template":"","format":"standard","meta":{"footnotes":""},"categories":[150],"tags":[517,518,522,154,157,523],"yst_prominent_words":[],"class_list":["post-43521","post","type-post","status-publish","format-standard","hentry","category-metropoli-tlaxcala","tag-cedh","tag-diputados","tag-presidente","tag-tlaxesnoticia","tag-tlaxslide","tag-victor-manuel-cid-del-prado-pineda"],"_links":{"self":[{"href":"https:\/\/sintesis.com.mx\/tlaxcala\/wp-json\/wp\/v2\/posts\/43521"}],"collection":[{"href":"https:\/\/sintesis.com.mx\/tlaxcala\/wp-json\/wp\/v2\/posts"}],"about":[{"href":"https:\/\/sintesis.com.mx\/tlaxcala\/wp-json\/wp\/v2\/types\/post"}],"author":[{"embeddable":true,"href":"https:\/\/sintesis.com.mx\/tlaxcala\/wp-json\/wp\/v2\/users\/3"}],"replies":[{"embeddable":true,"href":"https:\/\/sintesis.com.mx\/tlaxcala\/wp-json\/wp\/v2\/comments?post=43521"}],"version-history":[{"count":0,"href":"https:\/\/sintesis.com.mx\/tlaxcala\/wp-json\/wp\/v2\/posts\/43521\/revisions"}],"wp:attachment":[{"href":"https:\/\/sintesis.com.mx\/tlaxcala\/wp-json\/wp\/v2\/media?parent=43521"}],"wp:term":[{"taxonomy":"category","embeddable":true,"href":"https:\/\/sintesis.com.mx\/tlaxcala\/wp-json\/wp\/v2\/categories?post=43521"},{"taxonomy":"post_tag","embeddable":true,"href":"https:\/\/sintesis.com.mx\/tlaxcala\/wp-json\/wp\/v2\/tags?post=43521"},{"taxonomy":"yst_prominent_words","embeddable":true,"href":"https:\/\/sintesis.com.mx\/tlaxcala\/wp-json\/wp\/v2\/yst_prominent_words?post=43521"}],"curies":[{"name":"wp","href":"https:\/\/api.w.org\/{rel}","templated":true}]}}