{"id":49964,"date":"2017-07-06T16:50:15","date_gmt":"2017-07-06T22:50:15","guid":{"rendered":"http:\/\/sintesis.com.mx\/tlaxcala\/?p=49964"},"modified":"2017-07-06T16:50:15","modified_gmt":"2017-07-06T22:50:15","slug":"se-gradua-generacion-2013-2017-licenciatura-en-arquitectura-uat","status":"publish","type":"post","link":"https:\/\/sintesis.com.mx\/tlaxcala\/2017\/07\/06\/se-gradua-generacion-2013-2017-licenciatura-en-arquitectura-uat\/","title":{"rendered":"Se grad\u00faa generaci\u00f3n 2013-2017 de Licenciatura en Arquitectura de UAT"},"content":{"rendered":"<p>\u201cAnte las exigencias de contar con pol\u00edticas de equidad, modernizaci\u00f3n, eficiencia y responsabilidad social, la Universidad Aut\u00f3noma de Tlaxcala se ha abocado a la implementaci\u00f3n de estrategias pedag\u00f3gicas para ofrecer una formaci\u00f3n integral a sus educandos\u201d, se\u00f1al\u00f3 Rub\u00e9n Reyes C\u00f3rdoba, rector de la UAT, al presidir la ceremonia de graduaci\u00f3n de la generaci\u00f3n 2013-2017 de la Licenciatura en Arquitectura, que se imparte en la Facultad de Dise\u00f1o, Arte y Arquitectura.<\/p>\n<p>Teniendo como escenario el Teatro Universitario, Reyes C\u00f3rdoba precis\u00f3 que, bajo la misi\u00f3n y el compromiso de contribuir a la preparaci\u00f3n de profesionales competitivos, se trabaja para mantenerse a la vanguardia, prueba de ello es la certificaci\u00f3n de sus procesos que se rigen bajo la Norma ISO 9001:2015, lo cual coloca a la Aut\u00f3noma de Tlaxcala dentro de la cultura de mejora continua.<\/p>\n<p>Indic\u00f3 que, el programa educativo en Arquitectura, uno de los m\u00e1s recientes que oferta la UAT, se ha apuntalado como la opci\u00f3n id\u00f3nea para aportar a la transformaci\u00f3n y progreso de la entidad, cuidando siempre que los nuevos estilos y alternativas de construcci\u00f3n, afecten lo menos posible al medio ambiente y los monumentos hist\u00f3ricos en el que se insertan.<\/p>\n<p>Rub\u00e9n Reyes exhort\u00f3 a los egresados a poner en pr\u00e1ctica todo lo aprendido en las aulas, a que desarrollen su creatividad a trav\u00e9s del ejercicio pleno de su carrera, al tiempo que los alent\u00f3 a seguir con su actualizaci\u00f3n mediante su incorporaci\u00f3n a alg\u00fan posgrado.<\/p>\n<p>Por su parte, Ra\u00fal Contreras Flores, director encargado de la Facultad de Dise\u00f1o, Arte y Arquitectura, recalc\u00f3 que, hoy, la licenciatura se encuentra en consolidaci\u00f3n, que se ha convertido en la columna vertebral de esta \u00e1rea universitaria, con m\u00e1s del 50 por ciento de la matr\u00edcula inscrita.<\/p>\n<p>Dijo que, entre quienes culminan sus estudios, est\u00e1n los proyectistas de la arquitectura y el urbanismo que requiere el estado y el pa\u00eds, pues sus propuestas y obras deben conservar la huella de los grandes representantes mexicanos, por ello, los convoc\u00f3 tambi\u00e9n a brindar confort, seguridad, funcionalidad y est\u00e9tica, para que la infraestructura que desplieguen sea agradable a la vista y en armon\u00eda con el entorno.<\/p>\n<p>En su oportunidad, Ad\u00e1n Morales de la Rosa, a nombre de los graduandos, mencion\u00f3 que, a partir de este d\u00eda, salen con miras a agregarse a la actividad laboral y econ\u00f3mica en diversas empresas, tanto p\u00fablicas como privadas, en que la aplicaci\u00f3n de sus conocimientos y habilidades deber\u00e1n ser puntuales y certeras, en cada una de las tareas que les encomienden.<\/p>\n<p>Invit\u00f3 a sus compa\u00f1eros a no olvidarse de la alma mater que los ha formado, pues es en su seno donde pueden continuar adquiriendo saberes que los llevar\u00e1n a la pr\u00e1ctica de su profesi\u00f3n sea de calidad e innovadora.<\/p>\n","protected":false},"excerpt":{"rendered":"<p>Hoy, la licenciatura se encuentra en consolidaci\u00f3n, que se ha convertido en la columna vertebral de esta \u00e1rea universitaria<\/p>\n","protected":false},"author":3,"featured_media":0,"comment_status":"open","ping_status":"open","sticky":false,"template":"","format":"standard","meta":{"footnotes":""},"categories":[150],"tags":[472,730,650,153,154,383],"yst_prominent_words":[],"class_list":["post-49964","post","type-post","status-publish","format-standard","hentry","category-metropoli-tlaxcala","tag-alumnos","tag-arquitectura","tag-graduacion","tag-tlaxcala","tag-tlaxesnoticia","tag-uat"],"_links":{"self":[{"href":"https:\/\/sintesis.com.mx\/tlaxcala\/wp-json\/wp\/v2\/posts\/49964"}],"collection":[{"href":"https:\/\/sintesis.com.mx\/tlaxcala\/wp-json\/wp\/v2\/posts"}],"about":[{"href":"https:\/\/sintesis.com.mx\/tlaxcala\/wp-json\/wp\/v2\/types\/post"}],"author":[{"embeddable":true,"href":"https:\/\/sintesis.com.mx\/tlaxcala\/wp-json\/wp\/v2\/users\/3"}],"replies":[{"embeddable":true,"href":"https:\/\/sintesis.com.mx\/tlaxcala\/wp-json\/wp\/v2\/comments?post=49964"}],"version-history":[{"count":0,"href":"https:\/\/sintesis.com.mx\/tlaxcala\/wp-json\/wp\/v2\/posts\/49964\/revisions"}],"wp:attachment":[{"href":"https:\/\/sintesis.com.mx\/tlaxcala\/wp-json\/wp\/v2\/media?parent=49964"}],"wp:term":[{"taxonomy":"category","embeddable":true,"href":"https:\/\/sintesis.com.mx\/tlaxcala\/wp-json\/wp\/v2\/categories?post=49964"},{"taxonomy":"post_tag","embeddable":true,"href":"https:\/\/sintesis.com.mx\/tlaxcala\/wp-json\/wp\/v2\/tags?post=49964"},{"taxonomy":"yst_prominent_words","embeddable":true,"href":"https:\/\/sintesis.com.mx\/tlaxcala\/wp-json\/wp\/v2\/yst_prominent_words?post=49964"}],"curies":[{"name":"wp","href":"https:\/\/api.w.org\/{rel}","templated":true}]}}