{"id":51964,"date":"2017-08-09T12:04:59","date_gmt":"2017-08-09T18:04:59","guid":{"rendered":"http:\/\/sintesis.com.mx\/tlaxcala\/?p=51964"},"modified":"2017-08-09T12:04:59","modified_gmt":"2017-08-09T18:04:59","slug":"reportan-transportistas-robos-diarios","status":"publish","type":"post","link":"https:\/\/sintesis.com.mx\/tlaxcala\/2017\/08\/09\/reportan-transportistas-robos-diarios\/","title":{"rendered":"Reportan transportistas de tres a cuatro robos diarios en Tlaxcala"},"content":{"rendered":"<div><img loading=\"lazy\" decoding=\"async\" class=\"size-medium wp-image-51965 alignleft\" src=\"http:\/\/sintesis.com.mx\/tlaxcala\/wp-content\/uploads\/2017\/08\/ATLAX_TRANSPO9ag7-300x185.jpg\" alt=\"Reportan transportistas de tres a cuatro robos diarios en Tlaxcala\" width=\"300\" height=\"185\" \/> Por segundo d\u00eda consecutivo, <strong>transportistas<\/strong> de la conocida <strong>empresa ATAH<\/strong> realizaron una manifestaci\u00f3n en diferentes puntos de la capital del estado, a manera de protesta por el asesinato del que fue <strong>v\u00edctima un trabajador del volante<\/strong>\u00a0ayer martes.<\/div>\n<div id=\"yui_3_16_0_ym19_1_1502301564463_2521\">\n<p class=\"yiv2822061033MsoNormal\">Lo que inici\u00f3 con una manifestaci\u00f3n de transportistas desde la zona conocida como la <strong>\u201cY\u201d en la carretera Apizaco-Tlaxcala<\/strong>, se convirti\u00f3 en un severo caos vial que afect\u00f3 a un n\u00famero importante de automovilistas.<\/p>\n<p id=\"yui_3_16_0_ym19_1_1502301564463_2520\" class=\"yiv2822061033MsoNormal\">Y es que los transportistas de la l\u00ednea Autotransportes<strong> Tlaxcala, Apizaco, Huamantla<\/strong> (ATAH) que tiene su domicilio fiscal en la ciudad de Puebla se apostaron en por lo menos tres puntos de la capital y uno del municipio de Apetatitl\u00e1n de Antonio Carvajal.<\/p>\n<p id=\"yui_3_16_0_ym19_1_1502301564463_2525\" class=\"yiv2822061033MsoNormal\">Los manifestantes hicieron presi\u00f3n en la zona del<strong> Jard\u00edn Bot\u00e1nico, La Virgen y El Tr\u00e9bol<\/strong> en la ciudad de Tlaxcala, y otro grupo lleg\u00f3 a las instalaciones de la Secretar\u00eda de Comunicaciones y Transportes (<strong>Secte<\/strong>) en Apetatitl\u00e1n.<\/p>\n<p id=\"yui_3_16_0_ym19_1_1502301564463_2526\" class=\"yiv2822061033MsoNormal\">\u201cNo es la primera vez que nos roban las unidades y las autoridades no hacen nada, los oficiales nos paran si nos pasamos un auto o bajamos pasaje donde no debe ser, pero cuando se les necesita no lo hacen, (\u2026) se suben a las unidades, se esperan a que haya poco pasaje y cometen el robo, ahora no nada m\u00e1s fue eso, sino que mataron al compa\u00f1ero\u201d.<\/p>\n<p id=\"yui_3_16_0_ym19_1_1502301564463_2527\" class=\"yiv2822061033MsoNormal\">Tal como ocurri\u00f3 el pasado martes, los transportistas generaron un complicado caos vial en las zonas citadas, generando la molestia de los automovilistas particulares que intentaron circular por esos puntos.<\/p>\n<p id=\"yui_3_16_0_ym19_1_1502301564463_2528\" class=\"yiv2822061033MsoNormal\"><img loading=\"lazy\" decoding=\"async\" class=\"size-medium wp-image-51967 alignright\" src=\"http:\/\/sintesis.com.mx\/tlaxcala\/wp-content\/uploads\/2017\/08\/ATLAX_TRANSPO39ag7-300x185.jpg\" alt=\"Reportan transportistas de tres a cuatro robos diarios en Tlaxcala\" width=\"300\" height=\"185\" \/>El grupo de inconformes solicit\u00f3 una reuni\u00f3n con el Procurador de Justicia, Tito Cervantes Zepeda, y la Secretaria General de Gobierno, Anabel Alvarado Varela, para exponer sus inconformidades que tienen que ver, principalmente, con el reforzamiento de las medidas de seguridad.<\/p>\n<p id=\"yui_3_16_0_ym19_1_1502301564463_2535\" class=\"yiv2822061033MsoNormal\">Y es que se\u00f1alaron que diariamente se registra un aproximado de tres a cuatro robos diarios a transportistas p\u00fablicos en la entidad.<\/p>\n<p id=\"yui_3_16_0_ym19_1_1502301564463_2536\" class=\"yiv2822061033MsoNormal\">Los inconformes lamentaron que la polic\u00eda estatal y municipal no est\u00e9 capacitada para atender de manera inmediata delitos relacionados con el robo de unidades del transporte o asaltos de los que son objeto, incluso con pasajeros a bordo.<\/p>\n<\/div>\n","protected":false},"excerpt":{"rendered":"<p>Por segundo d\u00eda consecutivo, transportistas de la conocida empresa ATAH realizaron una manifestaci\u00f3n en diferentes puntos de la capital del estado, a manera de protesta por el asesinato del que fue v\u00edctima un trabajador del volante\u00a0ayer martes. Lo que inici\u00f3 con una manifestaci\u00f3n de transportistas desde la zona conocida como la \u201cY\u201d en la carretera [&hellip;]<\/p>\n","protected":false},"author":8,"featured_media":0,"comment_status":"open","ping_status":"open","sticky":false,"template":"","format":"standard","meta":{"footnotes":""},"categories":[150],"tags":[669,437,225,154,157,1301],"yst_prominent_words":[],"class_list":["post-51964","post","type-post","status-publish","format-standard","hentry","category-metropoli-tlaxcala","tag-atah","tag-conductores","tag-robo","tag-tlaxesnoticia","tag-tlaxslide","tag-trasnportistas"],"_links":{"self":[{"href":"https:\/\/sintesis.com.mx\/tlaxcala\/wp-json\/wp\/v2\/posts\/51964"}],"collection":[{"href":"https:\/\/sintesis.com.mx\/tlaxcala\/wp-json\/wp\/v2\/posts"}],"about":[{"href":"https:\/\/sintesis.com.mx\/tlaxcala\/wp-json\/wp\/v2\/types\/post"}],"author":[{"embeddable":true,"href":"https:\/\/sintesis.com.mx\/tlaxcala\/wp-json\/wp\/v2\/users\/8"}],"replies":[{"embeddable":true,"href":"https:\/\/sintesis.com.mx\/tlaxcala\/wp-json\/wp\/v2\/comments?post=51964"}],"version-history":[{"count":0,"href":"https:\/\/sintesis.com.mx\/tlaxcala\/wp-json\/wp\/v2\/posts\/51964\/revisions"}],"wp:attachment":[{"href":"https:\/\/sintesis.com.mx\/tlaxcala\/wp-json\/wp\/v2\/media?parent=51964"}],"wp:term":[{"taxonomy":"category","embeddable":true,"href":"https:\/\/sintesis.com.mx\/tlaxcala\/wp-json\/wp\/v2\/categories?post=51964"},{"taxonomy":"post_tag","embeddable":true,"href":"https:\/\/sintesis.com.mx\/tlaxcala\/wp-json\/wp\/v2\/tags?post=51964"},{"taxonomy":"yst_prominent_words","embeddable":true,"href":"https:\/\/sintesis.com.mx\/tlaxcala\/wp-json\/wp\/v2\/yst_prominent_words?post=51964"}],"curies":[{"name":"wp","href":"https:\/\/api.w.org\/{rel}","templated":true}]}}