{"id":54004,"date":"2017-09-04T14:21:15","date_gmt":"2017-09-04T20:21:15","guid":{"rendered":"http:\/\/sintesis.com.mx\/tlaxcala\/?p=54004"},"modified":"2017-09-04T14:23:08","modified_gmt":"2017-09-04T20:23:08","slug":"llama-el-cap-a-que-no-haya-mas-recortes-al-campo-para-2018","status":"publish","type":"post","link":"https:\/\/sintesis.com.mx\/tlaxcala\/2017\/09\/04\/llama-el-cap-a-que-no-haya-mas-recortes-al-campo-para-2018\/","title":{"rendered":"Llama el CAP a que no haya m\u00e1s recortes al campo para 2018"},"content":{"rendered":"<p>Integrantes del <strong>Congreso Agrario Permanente (CAP)<\/strong>, solicitaron al gobierno federal que en la <strong>elaboraci\u00f3n del presupuesto<\/strong> <strong>2018<\/strong> no se realicen m\u00e1s recortes al campo mexicano, pues las condiciones para este sector son adversas. En conferencia de prensa, el representante del CAP,<strong> Jos\u00e9 Isabel Ju\u00e1rez Torres<\/strong> indic\u00f3 \u201chacemos un llamado desde <strong>Tlaxcala<\/strong> para que el presupuesto federal del 2018 que se estar\u00e1 presentando esta semana, pedimos a los funcionarios federales que contemplen que no haya m\u00e1s recortes al campo, que haya m\u00e1s recursos porque cada mes de septiembre presentan el paquete y por ello, las organizaciones campesinas pedimos m\u00e1s recursos al campo\u201d.<\/p>\n<p>Subray\u00f3 que existe una gran necesidad de que le \u201cinyecten los gobiernos federal y estatal\u201d, m\u00e1s recurso econ\u00f3mico al campo porque son quienes producen los alimentos para el pa\u00eds y hasta se lleva a otras fronteras, sin embargo, con los recortes que se realizaron este a\u00f1o, las afectaciones son considerables y el campo est\u00e1 dejando de producir.<\/p>\n<p>Indic\u00f3 que esta es una solicitud de las organizaciones campesinas que integran el CAP, como la Coalici\u00f3n de Organizaciones Democr\u00e1ticas Urbanas y Campesinas (<strong>Coduc<\/strong>), la Central Campesina Independiente (<strong>CCI<\/strong>), Uni\u00f3n General Obrera Campesina y Popular (<strong>Ugocp<\/strong>),entre otras, pues \u201cnecesitamos que haya m\u00e1s recursos y no haya recortes al presupuesto\u201d, expres\u00f3.<\/p>\n<p>Al mismo tiempo, expuso que existe otra preocupaci\u00f3n porque en las discusiones del Tratado de Libre Comercio de Am\u00e9rica del Norte (<strong>TLCAN<\/strong>) en su segunda ronda de negociaci\u00f3n, \u201cpedimos al gobierno de la Rep\u00fablica y sus representantes que se mantengan firmes en defender las posiciones que beneficien al pa\u00eds, entre ellas que se rescate el tema de los granos b\u00e1sicos y que queden fuera\u201d.<\/p>\n<p>Ahond\u00f3 que el hermetismo que hay en esta negociaci\u00f3n los mantiene en la incertidumbre porque hay otras discusiones, sin embargo, piden que se mantenga la defensa del pa\u00eds y que haya elementos favorables para el sector del campo que se ha visto afectado en la relaci\u00f3n con Estados Unidos y Canad\u00e1.<\/p>\n<p>En este \u00faltimo tema del TLCAN, el l\u00edder de la CCI, Claudio Flores Espina, puntualiz\u00f3 que en las negociaciones no todas las zonas del pa\u00eds se han visto beneficiadas, porque la mayor\u00eda de los recursos de la federaci\u00f3n se van para los estados de Sonora, Sinaloa, Nuevo Le\u00f3n y toda la zona norte, \u201cpedimos que se contemple a todo el pa\u00eds y ser\u00e1 fundamental, me parece que se debe proteger la zona rural donde hay m\u00e1s de 26 millones de mexicanos\u201d.<\/p>\n","protected":false},"excerpt":{"rendered":"<p>Integrantes del Congreso Agrario Permanente (CAP), solicitaron al gobierno federal que en la elaboraci\u00f3n del presupuesto 2018 no se realicen m\u00e1s recortes al campo mexicano, pues las condiciones para este sector son adversas. En conferencia de prensa, el representante del CAP, Jos\u00e9 Isabel Ju\u00e1rez Torres indic\u00f3 \u201chacemos un llamado desde Tlaxcala para que el presupuesto [&hellip;]<\/p>\n","protected":false},"author":3,"featured_media":0,"comment_status":"open","ping_status":"open","sticky":false,"template":"","format":"standard","meta":{"footnotes":""},"categories":[150],"tags":[446,1253,420,1685,154,157],"yst_prominent_words":[],"class_list":["post-54004","post","type-post","status-publish","format-standard","hentry","category-metropoli-tlaxcala","tag-campo","tag-cap","tag-presupuesto","tag-recorte","tag-tlaxesnoticia","tag-tlaxslide"],"_links":{"self":[{"href":"https:\/\/sintesis.com.mx\/tlaxcala\/wp-json\/wp\/v2\/posts\/54004"}],"collection":[{"href":"https:\/\/sintesis.com.mx\/tlaxcala\/wp-json\/wp\/v2\/posts"}],"about":[{"href":"https:\/\/sintesis.com.mx\/tlaxcala\/wp-json\/wp\/v2\/types\/post"}],"author":[{"embeddable":true,"href":"https:\/\/sintesis.com.mx\/tlaxcala\/wp-json\/wp\/v2\/users\/3"}],"replies":[{"embeddable":true,"href":"https:\/\/sintesis.com.mx\/tlaxcala\/wp-json\/wp\/v2\/comments?post=54004"}],"version-history":[{"count":0,"href":"https:\/\/sintesis.com.mx\/tlaxcala\/wp-json\/wp\/v2\/posts\/54004\/revisions"}],"wp:attachment":[{"href":"https:\/\/sintesis.com.mx\/tlaxcala\/wp-json\/wp\/v2\/media?parent=54004"}],"wp:term":[{"taxonomy":"category","embeddable":true,"href":"https:\/\/sintesis.com.mx\/tlaxcala\/wp-json\/wp\/v2\/categories?post=54004"},{"taxonomy":"post_tag","embeddable":true,"href":"https:\/\/sintesis.com.mx\/tlaxcala\/wp-json\/wp\/v2\/tags?post=54004"},{"taxonomy":"yst_prominent_words","embeddable":true,"href":"https:\/\/sintesis.com.mx\/tlaxcala\/wp-json\/wp\/v2\/yst_prominent_words?post=54004"}],"curies":[{"name":"wp","href":"https:\/\/api.w.org\/{rel}","templated":true}]}}