{"id":54196,"date":"2017-09-06T15:29:50","date_gmt":"2017-09-06T21:29:50","guid":{"rendered":"http:\/\/sintesis.com.mx\/tlaxcala\/?p=54196"},"modified":"2017-09-06T17:04:25","modified_gmt":"2017-09-06T23:04:25","slug":"bejarano-problemas-prd-y-pan-por-alianza","status":"publish","type":"post","link":"https:\/\/sintesis.com.mx\/tlaxcala\/2017\/09\/06\/bejarano-problemas-prd-y-pan-por-alianza\/","title":{"rendered":"Vaticina Bejarano problemas al interior del PRD y PAN por alianza"},"content":{"rendered":"<p>El exl\u00edder nacional del Partido de la Revoluci\u00f3n Democr\u00e1tica (PRD), Rene Bejarano Mart\u00ednez, pronostic\u00f3 que la alianza que pretende ese instituto con el Partido Acci\u00f3n Nacional (PAN) \u00fanicamente ocasionar\u00e1 problemas, debido a que no podr\u00e1n logran cohesi\u00f3n entre sus militantes.<\/p>\n<h4>Adem\u00e1s, consider\u00f3 que el Frente Ciudadano por M\u00e9xico que signaron PAN, PRD y Movimiento Ciudadano, podr\u00eda beneficiar al Partido Revolucionario Institucional (PRI) es sus aspiraciones de mantenerse al frente del gobierno de la Rep\u00fablica.<\/h4>\n<p>Durante una rueda de prensa en su visita a Tlaxcala, como dirigente de la agrupaci\u00f3n Movimiento Nacional por la Esperanza de M\u00e9xico, hizo un llamado a las izquierdas para unirse y apoyar al l\u00edder del Movimiento Regeneraci\u00f3n Nacional (Morena) Andr\u00e9s Manuel L\u00f3pez Obrador en sus pretensiones de ser el pr\u00f3ximo presidente de M\u00e9xico.<\/p>\n<p>En este sentido, precis\u00f3 que el \u00fanico beneficiado de la fragmentaci\u00f3n de las izquierdas es el PRI, lo anterior lo sustent\u00f3 al apuntar que \u201clo mejor es unir a las izquierdas, basta sumar los votos de Morena y del PRD se hubiera dado 50 por ciento como en el Estado de M\u00e9xico, sin embargo el PRI con el 29 por ciento de los votos, m\u00e1s las trampas que hizo, m\u00e1s los votos de sus aliados se qued\u00f3 con el estado m\u00e1s grande del pa\u00eds, esas son las incongruencias que no compartimos pero yo creo que la gente es inteligente y va a ir empujando la transformaci\u00f3n que al pa\u00eds le hace falta\u201d.<\/p>\n<h4>De esta manera, precis\u00f3 que su decisi\u00f3n de renunciar al PRD, al igual que de su esposa Dolores Padierna, se debe a que no piensan apoyar a una persona panista para la presidencia de la Rep\u00fablica, ya que su inter\u00e9s es que alguien de izquierda llegue al \u201cpoder\u201d.<\/h4>\n<p>\u201cNo queremos que el PAN regrese a la presidencia, porque es lo mismo que el PRI y en algunos casos peor que el PRI vemos que eso no nos beneficia aunque ahora hagan promesas, ya tuvieron doce a\u00f1os el poder y el pa\u00eds qued\u00f3 peor sino preg\u00fantele a la familia de los m\u00e1s de 210 mil desaparecidos de la guerra absurda que desat\u00f3 Calder\u00f3n, entonces yo no puedo estar en ese proyecto, no puedo convalidar eso\u201d denunci\u00f3.<\/p>\n<p>Asimismo, precis\u00f3 que su salida del PRD fue a t\u00edtulo personal, por lo que los integrantes de Izquierda Democr\u00e1tica Nacional (IDN) en Tlaxcala, y de Red Joven dirigido por el ex legislador Santiago Ses\u00edn, son libres de quedarse.<\/p>\n","protected":false},"excerpt":{"rendered":"<p>El Frente Ciudadano por M\u00e9xico que signaron PAN, PRD y Movimiento Ciudadano, podr\u00eda beneficiar al Partido Revolucionario Institucional, dijo Bejarano<\/p>\n","protected":false},"author":7,"featured_media":0,"comment_status":"open","ping_status":"open","sticky":false,"template":"","format":"standard","meta":{"footnotes":""},"categories":[150],"tags":[1238,63,927,1724,157],"yst_prominent_words":[],"class_list":["post-54196","post","type-post","status-publish","format-standard","hentry","category-metropoli-tlaxcala","tag-morena","tag-pan","tag-prd","tag-rene-bejarano","tag-tlaxslide"],"_links":{"self":[{"href":"https:\/\/sintesis.com.mx\/tlaxcala\/wp-json\/wp\/v2\/posts\/54196"}],"collection":[{"href":"https:\/\/sintesis.com.mx\/tlaxcala\/wp-json\/wp\/v2\/posts"}],"about":[{"href":"https:\/\/sintesis.com.mx\/tlaxcala\/wp-json\/wp\/v2\/types\/post"}],"author":[{"embeddable":true,"href":"https:\/\/sintesis.com.mx\/tlaxcala\/wp-json\/wp\/v2\/users\/7"}],"replies":[{"embeddable":true,"href":"https:\/\/sintesis.com.mx\/tlaxcala\/wp-json\/wp\/v2\/comments?post=54196"}],"version-history":[{"count":0,"href":"https:\/\/sintesis.com.mx\/tlaxcala\/wp-json\/wp\/v2\/posts\/54196\/revisions"}],"wp:attachment":[{"href":"https:\/\/sintesis.com.mx\/tlaxcala\/wp-json\/wp\/v2\/media?parent=54196"}],"wp:term":[{"taxonomy":"category","embeddable":true,"href":"https:\/\/sintesis.com.mx\/tlaxcala\/wp-json\/wp\/v2\/categories?post=54196"},{"taxonomy":"post_tag","embeddable":true,"href":"https:\/\/sintesis.com.mx\/tlaxcala\/wp-json\/wp\/v2\/tags?post=54196"},{"taxonomy":"yst_prominent_words","embeddable":true,"href":"https:\/\/sintesis.com.mx\/tlaxcala\/wp-json\/wp\/v2\/yst_prominent_words?post=54196"}],"curies":[{"name":"wp","href":"https:\/\/api.w.org\/{rel}","templated":true}]}}