{"id":54958,"date":"2017-09-16T16:34:14","date_gmt":"2017-09-16T22:34:14","guid":{"rendered":"http:\/\/sintesis.com.mx\/tlaxcala\/?p=54958"},"modified":"2017-09-16T16:34:14","modified_gmt":"2017-09-16T22:34:14","slug":"necesario-reafirmar-las-condiciones-libertad-segob","status":"publish","type":"post","link":"https:\/\/sintesis.com.mx\/tlaxcala\/2017\/09\/16\/necesario-reafirmar-las-condiciones-libertad-segob\/","title":{"rendered":"Necesario reafirmar las condiciones de libertad: Segob\u00a0"},"content":{"rendered":"<p>Durante el tradicional desfile c\u00edvico\u2013militar, la titular de la Secretar\u00eda de Gobierno (<strong>Segob<\/strong>), <strong>Anabel Alvarado Varela,<\/strong> manifest\u00f3 que es necesario reafirmar las condiciones de libertad de la naci\u00f3n y tender una mano a quienes lo perdieron todo el pasado siete de septiembre.<\/p>\n<p>El mensaje fue emitido previo al inicio del <strong>desfile de Independencia<\/strong> de este <strong>16 de septiembre<\/strong>, en donde participaron m\u00e1s de <strong>tres mil personas, entre militares, alumnos,<\/strong> docentes, cuerpos de seguridad y otros continentes.<\/p>\n<p>\u201cEs momento de revisar el tiempo y reafirmar las condiciones de libertad, justicia, democracia y derechos a los que aspiraron los h\u00e9roes que nos dieron patria\u201d.<\/p>\n<p>En este sentido, habl\u00f3 de la importancia de entender los principios e ideales de los hombres y mujeres que dieron patria a la naci\u00f3n como: Josefa Ortiz de Dom\u00ednguez, Miguel Hidalgo, Jos\u00e9 Maria Morelos y Pav\u00f3n, Ignacio Allende o los tlaxcaltecas Vicente G\u00f3mez y Antonio Guerrero, que encabezaron grupos insurgentes en el estado.<\/p>\n<p>Expres\u00f3 que el siguiente desaf\u00edo tiene que ver con generar una sociedad con independencia econ\u00f3mica y justicia plena, m\u00e1s igualitaria, segura, con educaci\u00f3n y empleo para todos, as\u00ed como un gobierno transparente que rinda cuentas.<\/p>\n<p>Alvarado Varela, refiri\u00f3 que el pa\u00eds enfrenta desaf\u00edos internos y externos que obligan un replanteamiento como naci\u00f3n, por lo que esta fecha debe servir para recordar el pasado y saber construir el futuro merecedor de la herencia de 1810.<\/p>\n<p>Agreg\u00f3 que frente a quienes en el extranjero pretenden \u201cpisar\u201d los sue\u00f1os de los mexicanos que se fueron en busca de mejores condiciones, en M\u00e9xico los gobiernos generar\u00e1n condiciones laborales para los \u201cdreamers\u201d que regresen al estado.<\/p>\n<p>En relaci\u00f3n a los fen\u00f3menos naturales que acabaron con el patrimonio de muchos mexicanos, manifest\u00f3 la importancia de \u201ctender\u201d la mano a quienes no tienen qu\u00e9 \u00a0festejar y acompa\u00f1arlos en estos tiempos dif\u00edciles.<\/p>\n<p>\u201cEn medio de la desgracia, una imagen recorri\u00f3 el mundo cuando un mexicano levant\u00f3 de los escombros una bandera para izarla en medio de la noche y el caos. Esa imagen es recuerdo y profec\u00eda de que nadie podr\u00e1 doblarnos incluso en medio de la oscuridad\u201d.<\/p>\n<p>El Desfile con motivo del 207 aniversario del Inicio de la Independencia Nacional concluy\u00f3 con la participaci\u00f3n de 804 militares en 31 veh\u00edculos, 171 cuerpos de seguridad p\u00fablica en 28 unidades.<\/p>\n<p>Tambi\u00e9n participaron 12 planteles educativos con mil 800 maestros y alumnos, 35 elementos de la Banda de M\u00fasica del gobierno del estado, 150 integrantes del Pentatl\u00f3n Deportivo Militarizado, 112 param\u00e9dicos de diferentes brigadas de auxilio y 55 charros a bordo de igual n\u00famero de caballos.<\/p>\n","protected":false},"excerpt":{"rendered":"<p>Durante el tradicional desfile c\u00edvico\u2013militar, la titular de la Secretar\u00eda de Gobierno (Segob), Anabel Alvarado Varela, manifest\u00f3 que es necesario reafirmar las condiciones de libertad de la naci\u00f3n y tender una mano a quienes lo perdieron todo el pasado siete de septiembre. El mensaje fue emitido previo al inicio del desfile de Independencia de este [&hellip;]<\/p>\n","protected":false},"author":9,"featured_media":0,"comment_status":"open","ping_status":"open","sticky":false,"template":"","format":"standard","meta":{"footnotes":""},"categories":[150],"tags":[342,1882,1176,1883,344,154,157],"yst_prominent_words":[],"class_list":["post-54958","post","type-post","status-publish","format-standard","hentry","category-metropoli-tlaxcala","tag-anabel-alvarado","tag-civico","tag-desfile","tag-militar","tag-segob","tag-tlaxesnoticia","tag-tlaxslide"],"_links":{"self":[{"href":"https:\/\/sintesis.com.mx\/tlaxcala\/wp-json\/wp\/v2\/posts\/54958"}],"collection":[{"href":"https:\/\/sintesis.com.mx\/tlaxcala\/wp-json\/wp\/v2\/posts"}],"about":[{"href":"https:\/\/sintesis.com.mx\/tlaxcala\/wp-json\/wp\/v2\/types\/post"}],"author":[{"embeddable":true,"href":"https:\/\/sintesis.com.mx\/tlaxcala\/wp-json\/wp\/v2\/users\/9"}],"replies":[{"embeddable":true,"href":"https:\/\/sintesis.com.mx\/tlaxcala\/wp-json\/wp\/v2\/comments?post=54958"}],"version-history":[{"count":0,"href":"https:\/\/sintesis.com.mx\/tlaxcala\/wp-json\/wp\/v2\/posts\/54958\/revisions"}],"wp:attachment":[{"href":"https:\/\/sintesis.com.mx\/tlaxcala\/wp-json\/wp\/v2\/media?parent=54958"}],"wp:term":[{"taxonomy":"category","embeddable":true,"href":"https:\/\/sintesis.com.mx\/tlaxcala\/wp-json\/wp\/v2\/categories?post=54958"},{"taxonomy":"post_tag","embeddable":true,"href":"https:\/\/sintesis.com.mx\/tlaxcala\/wp-json\/wp\/v2\/tags?post=54958"},{"taxonomy":"yst_prominent_words","embeddable":true,"href":"https:\/\/sintesis.com.mx\/tlaxcala\/wp-json\/wp\/v2\/yst_prominent_words?post=54958"}],"curies":[{"name":"wp","href":"https:\/\/api.w.org\/{rel}","templated":true}]}}