{"id":59624,"date":"2017-11-28T17:59:50","date_gmt":"2017-11-28T23:59:50","guid":{"rendered":"http:\/\/sintesis.com.mx\/tlaxcala\/?p=59624"},"modified":"2017-11-28T17:59:50","modified_gmt":"2017-11-28T23:59:50","slug":"caravana-papalotla-contra-violencia-mujer","status":"publish","type":"post","link":"https:\/\/sintesis.com.mx\/tlaxcala\/2017\/11\/28\/caravana-papalotla-contra-violencia-mujer\/","title":{"rendered":"Realizan caravana en Papalotla contra la violencia hacia la mujer"},"content":{"rendered":"<p>En coordinaci\u00f3n entre el Instituto Municipal de la Mujer (Immujeres), seguridad p\u00fablica y la Comisi\u00f3n de Derechos Humanos se llev\u00f3 a cabo una caravana conmemorativa del d\u00eda internacional de la eliminaci\u00f3n de la violencia contra la mujer, esto con el fin de sensibilizar y concientizar a los ciudadanos sobre este problema social.<\/p>\n<h4>Durante la ma\u00f1ana del s\u00e1bado 25 de noviembre se llev\u00f3 a cabo una caravana en las principales calles del municipio de Papalotla de Xicoht\u00e9ncatl, esto para hacer un llamado de conciencia a los ciudadanos sobre la violencia contra las mujeres que se ha generado.<\/h4>\n<p>La Presidenta honor\u00edfica del DIF municipal, Mar\u00eda Asunci\u00f3n Coyotzi Cahuantzi, mencion\u00f3 que es importante que desde el n\u00facleo familiar se fomenten los valores y el respeto hacia las personas, ya que en la actualidad los derechos de las mujeres son vulnerados, dejando secuelas en la familia, pero sobre todo en los ni\u00f1os.<\/p>\n<h4>Pl\u00e1cido Mena Eliosa, Regidor de Hacienda, invit\u00f3 a los ciudadanos a participar, ya que es un problema muy grave por los principios y valores que se est\u00e1n perdiendo. Por otra parte, Jos\u00e9 Mart\u00edn Bonilla Hern\u00e1ndez, Regidor de gobernaci\u00f3n, se uni\u00f3 a esta campa\u00f1a de no violencia para ayudar a frenar este problema.<\/h4>\n<p>Por \u00faltimo, Janet Rojas Rojas, directora de Immujeres, indic\u00f3 que el instituto se\u00a0 cre\u00f3 precisamente por el exceso de violencia que en los \u00faltimos meses \u00a0se han suscitado en el estado de Tlaxcala, por ello invit\u00f3 a las mujeres a unir fuerzas y detener la violencia.<\/p>\n<h4>Asimismo inform\u00f3 que el Instituto Municipal de la Mujer est\u00e1 ubicada en el kiosko municipal con un horario de 9 de la ma\u00f1ana a 4 de la tarde, sin embargo en cualquier hora se da atenci\u00f3n psicol\u00f3gica, jur\u00eddica y de atenci\u00f3n social a las mujeres que as\u00ed lo requiera.<\/h4>\n","protected":false},"excerpt":{"rendered":"<p>Las mujeres deben ser conscientes de que hay un lugar en donde se les est\u00e1 apoyando, porque ellas no est\u00e1n solas\u201d, Janet Rojas Rojas<\/p>\n","protected":false},"author":9,"featured_media":0,"comment_status":"open","ping_status":"open","sticky":false,"template":"","format":"standard","meta":{"footnotes":""},"categories":[9,654,150],"tags":[2336,2741,648,230,154,118],"yst_prominent_words":[],"class_list":["post-59624","post","type-post","status-publish","format-standard","hentry","category-municipios","category-papalotla","category-metropoli-tlaxcala","tag-caravana","tag-immujeres","tag-mujeres","tag-papalotla","tag-tlaxesnoticia","tag-violencia"],"_links":{"self":[{"href":"https:\/\/sintesis.com.mx\/tlaxcala\/wp-json\/wp\/v2\/posts\/59624"}],"collection":[{"href":"https:\/\/sintesis.com.mx\/tlaxcala\/wp-json\/wp\/v2\/posts"}],"about":[{"href":"https:\/\/sintesis.com.mx\/tlaxcala\/wp-json\/wp\/v2\/types\/post"}],"author":[{"embeddable":true,"href":"https:\/\/sintesis.com.mx\/tlaxcala\/wp-json\/wp\/v2\/users\/9"}],"replies":[{"embeddable":true,"href":"https:\/\/sintesis.com.mx\/tlaxcala\/wp-json\/wp\/v2\/comments?post=59624"}],"version-history":[{"count":0,"href":"https:\/\/sintesis.com.mx\/tlaxcala\/wp-json\/wp\/v2\/posts\/59624\/revisions"}],"wp:attachment":[{"href":"https:\/\/sintesis.com.mx\/tlaxcala\/wp-json\/wp\/v2\/media?parent=59624"}],"wp:term":[{"taxonomy":"category","embeddable":true,"href":"https:\/\/sintesis.com.mx\/tlaxcala\/wp-json\/wp\/v2\/categories?post=59624"},{"taxonomy":"post_tag","embeddable":true,"href":"https:\/\/sintesis.com.mx\/tlaxcala\/wp-json\/wp\/v2\/tags?post=59624"},{"taxonomy":"yst_prominent_words","embeddable":true,"href":"https:\/\/sintesis.com.mx\/tlaxcala\/wp-json\/wp\/v2\/yst_prominent_words?post=59624"}],"curies":[{"name":"wp","href":"https:\/\/api.w.org\/{rel}","templated":true}]}}