{"id":63178,"date":"2018-01-25T16:31:51","date_gmt":"2018-01-25T22:31:51","guid":{"rendered":"http:\/\/sintesis.com.mx\/tlaxcala\/?p=63178"},"modified":"2018-01-25T16:31:51","modified_gmt":"2018-01-25T22:31:51","slug":"proponen-crear-ley-de-las-juventudes-en-la-entidad","status":"publish","type":"post","link":"https:\/\/sintesis.com.mx\/tlaxcala\/2018\/01\/25\/proponen-crear-ley-de-las-juventudes-en-la-entidad\/","title":{"rendered":"Proponen crear la nueva Ley de las Juventudes en la entidad"},"content":{"rendered":"<p>Integrantes de la <strong>Comisi\u00f3n de Juventud del Congreso<\/strong> del estado presentaron una iniciativa para crear la nueva Ley en la materia, con la finalidad de brindar <strong>mayores oportunidades<\/strong> y apoyos institucionales para este sector de la sociedad.<\/p>\n<h4>Durante la sesi\u00f3n ordinaria de este jueves, a lectura de la presidenta de citada comisi\u00f3n, <strong>Sandra Corona Padilla<\/strong>, se puntualiz\u00f3 que los ordenamientos de la propuesta se dise\u00f1aron por la aportaci\u00f3n de ideas de los participantes del <strong>sexto Parlamento Juvenil Tlaxcala<\/strong> 2017.<\/h4>\n<p>En la exposici\u00f3n de motivos, la tambi\u00e9n coordinadora de la bancada del <strong>Partido Nueva Alianza<\/strong> (Panal) consider\u00f3 que en la entidad se necesita un marco normativo en el que se busque garantizar el desarrollo integral de la<strong> juventud tlaxcalteca<\/strong> y que exponga de manera clara y precisa sus derechos y obligaciones.<\/p>\n<p>\u201cEl proyecto de Ley reconoce, motiva, fomenta, establece, garantiza y promueve el goce y ejercicio efectivo de los derechos y obligaciones de la<strong> juventud tlaxcalteca<\/strong>, normando su conducta externa para inculcarles principios, pero tambi\u00e9n determina la responsabilidad espec\u00edfica de las dependencias, organismos, municipios e instituciones no gubernamentales, en atenci\u00f3n a la juventud, impulsando a la familia como eje rector\u201d, indic\u00f3 Corona Padilla.<\/p>\n<h4>Asimismo, con la iniciativa <strong>se busca remontar el d\u00e9ficit en la cultura democr\u00e1tica del pa<\/strong>\u00eds, por lo que se plante\u00f3 como derecho la participaci\u00f3n en al \u00e1mbito pol\u00edtico de todos los j\u00f3venes, lo que se argument\u00f3 que podr\u00eda disminuir el abstencionismo y fortalecer a las instituciones pol\u00edticas.<\/h4>\n<p>Entre otras cosas m\u00e1s, la propuesta prev\u00e9 la creaci\u00f3n del Programa Estatal de Atenci\u00f3n a las personas J\u00f3venes y del <strong>Fondo Estatal de la Juventud<\/strong>, constituidos con los recursos destinados anualmente en el presupuesto de egresos del estado para que los ayuntamientos y las organizaciones de la sociedad civil legalmente constituidas cuenten con financiamiento para la implementaci\u00f3n de proyectos.<\/p>\n<h4>La iniciativa fue turnada a la Comisi\u00f3n de Puntos Constitucionales, Gobernaci\u00f3n y Justicia y Asuntos Pol\u00edticos para su estudio, an\u00e1lisis y dictamen correspondientes.<\/h4>\n","protected":false},"excerpt":{"rendered":"<p>Se necesita un marco normativo en el que se busque garantizar el desarrollo integral de la juventud tlaxcalteca<\/p>\n","protected":false},"author":7,"featured_media":0,"comment_status":"open","ping_status":"open","sticky":false,"template":"","format":"standard","meta":{"footnotes":""},"categories":[150],"tags":[173,843,120,2348,153,157],"yst_prominent_words":[],"class_list":["post-63178","post","type-post","status-publish","format-standard","hentry","category-metropoli-tlaxcala","tag-congreso","tag-juventud","tag-ley","tag-sandra-corona","tag-tlaxcala","tag-tlaxslide"],"_links":{"self":[{"href":"https:\/\/sintesis.com.mx\/tlaxcala\/wp-json\/wp\/v2\/posts\/63178"}],"collection":[{"href":"https:\/\/sintesis.com.mx\/tlaxcala\/wp-json\/wp\/v2\/posts"}],"about":[{"href":"https:\/\/sintesis.com.mx\/tlaxcala\/wp-json\/wp\/v2\/types\/post"}],"author":[{"embeddable":true,"href":"https:\/\/sintesis.com.mx\/tlaxcala\/wp-json\/wp\/v2\/users\/7"}],"replies":[{"embeddable":true,"href":"https:\/\/sintesis.com.mx\/tlaxcala\/wp-json\/wp\/v2\/comments?post=63178"}],"version-history":[{"count":0,"href":"https:\/\/sintesis.com.mx\/tlaxcala\/wp-json\/wp\/v2\/posts\/63178\/revisions"}],"wp:attachment":[{"href":"https:\/\/sintesis.com.mx\/tlaxcala\/wp-json\/wp\/v2\/media?parent=63178"}],"wp:term":[{"taxonomy":"category","embeddable":true,"href":"https:\/\/sintesis.com.mx\/tlaxcala\/wp-json\/wp\/v2\/categories?post=63178"},{"taxonomy":"post_tag","embeddable":true,"href":"https:\/\/sintesis.com.mx\/tlaxcala\/wp-json\/wp\/v2\/tags?post=63178"},{"taxonomy":"yst_prominent_words","embeddable":true,"href":"https:\/\/sintesis.com.mx\/tlaxcala\/wp-json\/wp\/v2\/yst_prominent_words?post=63178"}],"curies":[{"name":"wp","href":"https:\/\/api.w.org\/{rel}","templated":true}]}}