{"id":64371,"date":"2018-02-09T18:09:31","date_gmt":"2018-02-10T00:09:31","guid":{"rendered":"http:\/\/sintesis.com.mx\/tlaxcala\/?p=64371"},"modified":"2018-02-09T18:09:31","modified_gmt":"2018-02-10T00:09:31","slug":"entrega-presidente-pena-uniforme-militar-alumno-tlaxcalteca","status":"publish","type":"post","link":"https:\/\/sintesis.com.mx\/tlaxcala\/2018\/02\/09\/entrega-presidente-pena-uniforme-militar-alumno-tlaxcalteca\/","title":{"rendered":"Entrega presidente Pe\u00f1a uniforme militar a alumno tlaxcalteca"},"content":{"rendered":"<p>El presidente de la Rep\u00fablica, Enrique Pe\u00f1a Nieto, entreg\u00f3 un uniforme militar al ni\u00f1o tlaxcalteca Jos\u00e9 \u00c1ngel Aguilar Hern\u00e1ndez, quien asisti\u00f3 como invitado especial a la ceremonia por el CV aniversario de la \u201cMarcha de la Lealtad\u201d, celebrada este viernes en la Ciudad de M\u00e9xico.<\/p>\n<h4>Con todo el apoyo de la Secretar\u00eda de Educaci\u00f3n P\u00fablica del Estado (SEPE), el estudiante de la escuela primaria \u201cXicoht\u00e9ncatl\u201d, ubicada en el municipio de Acuamanala, tuvo la oportunidad de presenciar junto con el presidente, los titulares de los poderes Ejecutivo y Legislativo, as\u00ed como comandantes de las Fuerzas Armadas esta significativa ceremonia.<\/h4>\n<p>Durante el evento, el presidente Enrique Pe\u00f1a Nieto y el secretario de la Defensa, Salvador Cienfuegos Zepeda, hicieron entrega de este uniforme militar al alumno de Tlaxcala, cuyo mayor deseo es que al crecer pueda ingresar a las fuerzas castrenses, pues admira su calidad, honor, disciplina y valor.<\/p>\n<h4>Ya en el Castillo de Chapultepec, Jos\u00e9 \u00c1ngel escuch\u00f3 con atenci\u00f3n al General Salvador Cienfuegos Zepeda, quien reconoci\u00f3 el papel hist\u00f3rico de las Fuerzas Armadas en el desarrollo y seguridad de M\u00e9xico.<\/h4>\n<p>Como parte de esta ceremonia, Enrique Pe\u00f1a Nieto pas\u00f3 lista de honor a los cadetes del Heroico Colegio Militar y de la Heroica Escuela Naval, adem\u00e1s recibi\u00f3 los honores por su condici\u00f3n de jefe de las Fuerzas Armadas de M\u00e9xico.<\/p>\n<h4>Cabe se\u00f1alar que Jos\u00e9 \u00c1ngel, estudiante de cuarto a\u00f1o, comparti\u00f3 con el presidente de la Rep\u00fablica su deseo de pertenecer a las fuerzas armadas y servir a la patria, durante una visita que el mandatario realiz\u00f3 el a\u00f1o pasado a su escuela de Tiempo Completo.<\/h4>\n","protected":false},"excerpt":{"rendered":"<p>Jos\u00e9 \u00c1ngel Aguilar Hern\u00e1ndez asisti\u00f3 como invitado especial a la CV Aniversario de la Marcha de la Lealtad en la Ciudad de M\u00e9xico<\/p>\n","protected":false},"author":3,"featured_media":0,"comment_status":"open","ping_status":"open","sticky":false,"template":"","format":"standard","meta":{"footnotes":""},"categories":[150],"tags":[1635,3552,1139,1883,3326,157],"yst_prominent_words":[],"class_list":["post-64371","post","type-post","status-publish","format-standard","hentry","category-metropoli-tlaxcala","tag-epn","tag-lealtad","tag-marcha","tag-militar","tag-slideapp","tag-tlaxslide"],"_links":{"self":[{"href":"https:\/\/sintesis.com.mx\/tlaxcala\/wp-json\/wp\/v2\/posts\/64371"}],"collection":[{"href":"https:\/\/sintesis.com.mx\/tlaxcala\/wp-json\/wp\/v2\/posts"}],"about":[{"href":"https:\/\/sintesis.com.mx\/tlaxcala\/wp-json\/wp\/v2\/types\/post"}],"author":[{"embeddable":true,"href":"https:\/\/sintesis.com.mx\/tlaxcala\/wp-json\/wp\/v2\/users\/3"}],"replies":[{"embeddable":true,"href":"https:\/\/sintesis.com.mx\/tlaxcala\/wp-json\/wp\/v2\/comments?post=64371"}],"version-history":[{"count":0,"href":"https:\/\/sintesis.com.mx\/tlaxcala\/wp-json\/wp\/v2\/posts\/64371\/revisions"}],"wp:attachment":[{"href":"https:\/\/sintesis.com.mx\/tlaxcala\/wp-json\/wp\/v2\/media?parent=64371"}],"wp:term":[{"taxonomy":"category","embeddable":true,"href":"https:\/\/sintesis.com.mx\/tlaxcala\/wp-json\/wp\/v2\/categories?post=64371"},{"taxonomy":"post_tag","embeddable":true,"href":"https:\/\/sintesis.com.mx\/tlaxcala\/wp-json\/wp\/v2\/tags?post=64371"},{"taxonomy":"yst_prominent_words","embeddable":true,"href":"https:\/\/sintesis.com.mx\/tlaxcala\/wp-json\/wp\/v2\/yst_prominent_words?post=64371"}],"curies":[{"name":"wp","href":"https:\/\/api.w.org\/{rel}","templated":true}]}}