{"id":65934,"date":"2018-03-02T16:09:57","date_gmt":"2018-03-02T22:09:57","guid":{"rendered":"http:\/\/sintesis.com.mx\/tlaxcala\/?p=65934"},"modified":"2018-03-02T16:09:57","modified_gmt":"2018-03-02T22:09:57","slug":"sct-cancelara-concesion-unidad-causo-accidente-ixtacuixtla","status":"publish","type":"post","link":"https:\/\/sintesis.com.mx\/tlaxcala\/2018\/03\/02\/sct-cancelara-concesion-unidad-causo-accidente-ixtacuixtla\/","title":{"rendered":"SCT cancelar\u00e1 concesi\u00f3n a unidad que caus\u00f3 accidente en Ixtacuixtla"},"content":{"rendered":"<p id=\"yui_3_16_0_ym19_1_1520006630062_105240\" class=\"yiv7131063745MsoNormal\">La Secretar\u00eda de Comunicaciones y Transportes en el Estado (<strong>Secte<\/strong>) inici\u00f3 un proceso de <strong>revocaci\u00f3n<\/strong> del permiso que ten\u00eda para circular la unidad de <strong>transporte p\u00fablico<\/strong> que el pasado jueves se accident\u00f3 en la regi\u00f3n de <strong>Ixtacuixtla<\/strong>, dejando como saldo <strong>siete personas fallecidas.<\/strong><\/p>\n<p id=\"yui_3_16_0_ym19_1_1520006630062_105239\" class=\"yiv7131063745MsoNormal\">El titular de la dependencia estatal, <strong>No\u00e9 Rodr\u00edguez Rold\u00e1n<\/strong>, inform\u00f3 que el art\u00edculo <strong>47 del reglamento de la Ley de Comunicaciones y Transportes en el Estado<\/strong>, establece que en materia de transporte p\u00fablico y privado se deber\u00e1 suspender la concesi\u00f3n en caso de ciertas premisas.<\/p>\n<p id=\"yui_3_16_0_ym19_1_1520006630062_105272\" class=\"yiv7131063745MsoNormal\">Entre ellas, precis\u00f3 que una de las causales principales tiene que ver cuando el veh\u00edculo autorizado para prestar el servicio de transporte p\u00fablico, \u201c<span id=\"yui_3_16_0_ym19_1_1520006630062_105273\">provoque un accidente vial y los usuarios o terceras personas resulten con lesiones graves o la muerte\u201d.<\/span><\/p>\n<p id=\"yui_3_16_0_ym19_1_1520006630062_105221\" class=\"yiv7131063745MsoNormal\"><span id=\"yui_3_16_0_ym19_1_1520006630062_105220\">Para el caso en comento, el titular de la Secte <strong>destac\u00f3 que se cumple con lo establecido en la normativa y se prev\u00e9 que sea a m\u00e1s tardar la pr\u00f3xima semana cuando se emplace<\/strong> al <strong>concesionario<\/strong> para darle celeridad al proceso de <strong>cancelaci\u00f3n<\/strong>.<\/span><\/p>\n<p id=\"yui_3_16_0_ym19_1_1520006630062_105275\" class=\"yiv7131063745MsoNormal\"><span id=\"yui_3_16_0_ym19_1_1520006630062_105274\">No\u00e9 Rodr\u00edguez Rold\u00e1n inform\u00f3 que la matricula con la que circulaba la unidad que provoc\u00f3 el accidente corresponde a la clave<strong> 631060-W<\/strong><\/span><span id=\"yui_3_16_0_ym19_1_1520006630062_105276\">\u00a0propiedad de <strong>Artemio Hern\u00e1ndez Salas<\/strong>, cuya capacidad es para 17 pasajeros aunque se supo que al momento del percance iba con sobrecupo.<\/span><\/p>\n<p id=\"yui_3_16_0_ym19_1_1520006630062_105278\" class=\"yiv7131063745MsoNormal\"><span id=\"yui_3_16_0_ym19_1_1520006630062_105277\">Adem\u00e1s, agreg\u00f3 que la dependencia a su cargo se mantendr\u00e1 al tanto de lo que ocurra respecto al seguro de las v\u00edctimas mortales, aunque precis\u00f3 que no es una facultad de la Secte, sino que es un contrato que se hace de manera directa con el concesionario.<\/span><\/p>\n<p id=\"yui_3_16_0_ym19_1_1520006630062_105280\" class=\"yiv7131063745MsoNormal\"><span id=\"yui_3_16_0_ym19_1_1520006630062_105279\">Al respecto, precis\u00f3 que si bien la dependencia puede coadyuvar a que se cumplan los requisitos legales para el seguro, la empresa aseguradora podr\u00eda argumentar que se trata de un asunto en el que, \u201csi se rebas\u00f3 la capacidad de la unidad va a tratar de evadir las responsabilidades, pero nosotros por reglamento exigimos a los concesionarios que cuenten con un seguro de da\u00f1os a terceros\u201d.<\/span><\/p>\n<p id=\"yui_3_16_0_ym19_1_1520006630062_105282\" class=\"yiv7131063745MsoNormal\"><span id=\"yui_3_16_0_ym19_1_1520006630062_105281\">Cabe se\u00f1alar que en estos momentos, la Secretar\u00eda de Comunicaciones y Transportes en Tlaxcala se encuentra en un periodo de revista, que consiste precisamente en la revisi\u00f3n de las unidades del transporte p\u00fablico, para que cumplan con todos los requisitos administrativos pero sobre todo f\u00edsicos y mec\u00e1nicos.<\/span><\/p>\n<p><span id=\"yui_3_16_0_ym19_1_1520006630062_105283\">Dicho proceso concluir\u00e1 el <strong>pr\u00f3ximo 30 de abril<\/strong>, sin embargo, de acuerdo con el titular de la secretar\u00eda, los inspectores son insuficientes para dar cobertura a todo el estado.<\/span><\/p>\n","protected":false},"excerpt":{"rendered":"<p>La Secretar\u00eda de Comunicaciones y Transportes en el Estado (Secte) inici\u00f3 un proceso de revocaci\u00f3n del permiso que ten\u00eda para circular la unidad de transporte p\u00fablico que el pasado jueves se accident\u00f3 en la regi\u00f3n de Ixtacuixtla, dejando como saldo siete personas fallecidas. El titular de la dependencia estatal, No\u00e9 Rodr\u00edguez Rold\u00e1n, inform\u00f3 que el [&hellip;]<\/p>\n","protected":false},"author":8,"featured_media":0,"comment_status":"open","ping_status":"open","sticky":false,"template":"","format":"standard","meta":{"footnotes":""},"categories":[150],"tags":[935,3315,524,3776,311,153,157],"yst_prominent_words":[],"class_list":["post-65934","post","type-post","status-publish","format-standard","hentry","category-metropoli-tlaxcala","tag-accidente","tag-concesion","tag-ixtacuixtla","tag-permiso","tag-secte","tag-tlaxcala","tag-tlaxslide"],"_links":{"self":[{"href":"https:\/\/sintesis.com.mx\/tlaxcala\/wp-json\/wp\/v2\/posts\/65934"}],"collection":[{"href":"https:\/\/sintesis.com.mx\/tlaxcala\/wp-json\/wp\/v2\/posts"}],"about":[{"href":"https:\/\/sintesis.com.mx\/tlaxcala\/wp-json\/wp\/v2\/types\/post"}],"author":[{"embeddable":true,"href":"https:\/\/sintesis.com.mx\/tlaxcala\/wp-json\/wp\/v2\/users\/8"}],"replies":[{"embeddable":true,"href":"https:\/\/sintesis.com.mx\/tlaxcala\/wp-json\/wp\/v2\/comments?post=65934"}],"version-history":[{"count":0,"href":"https:\/\/sintesis.com.mx\/tlaxcala\/wp-json\/wp\/v2\/posts\/65934\/revisions"}],"wp:attachment":[{"href":"https:\/\/sintesis.com.mx\/tlaxcala\/wp-json\/wp\/v2\/media?parent=65934"}],"wp:term":[{"taxonomy":"category","embeddable":true,"href":"https:\/\/sintesis.com.mx\/tlaxcala\/wp-json\/wp\/v2\/categories?post=65934"},{"taxonomy":"post_tag","embeddable":true,"href":"https:\/\/sintesis.com.mx\/tlaxcala\/wp-json\/wp\/v2\/tags?post=65934"},{"taxonomy":"yst_prominent_words","embeddable":true,"href":"https:\/\/sintesis.com.mx\/tlaxcala\/wp-json\/wp\/v2\/yst_prominent_words?post=65934"}],"curies":[{"name":"wp","href":"https:\/\/api.w.org\/{rel}","templated":true}]}}