{"id":66438,"date":"2018-03-10T16:05:16","date_gmt":"2018-03-10T22:05:16","guid":{"rendered":"http:\/\/sintesis.com.mx\/tlaxcala\/?p=66438"},"modified":"2018-03-10T16:05:16","modified_gmt":"2018-03-10T22:05:16","slug":"celebro-tequexquitla-mujeres","status":"publish","type":"post","link":"https:\/\/sintesis.com.mx\/tlaxcala\/2018\/03\/10\/celebro-tequexquitla-mujeres\/","title":{"rendered":"Celebr\u00f3 Tequexquitla a mujeres"},"content":{"rendered":"<div>La administraci\u00f3n municipal que encabeza el alcalde <strong>\u00d3scar V\u00e9lez S\u00e1nchez<\/strong>, festej\u00f3 a las <strong>mujeres<\/strong> a trav\u00e9s del <strong>Sistema Municipal para el Desarrollo Integral de la Familia<\/strong> que preside <strong>Diana del Carmen V\u00e1zquez Urbina<\/strong>.<\/div>\n<div><\/div>\n<div>En el marco del <strong>D\u00eda Internacional de la Mujer<\/strong>, se llevaron a cabo diferentes <strong>actividades<\/strong> en las que fueron part\u00edcipes madres de familia de tres instituciones as\u00ed como su alumnado y poblaci\u00f3n en general que fueron invitadas.<\/div>\n<div>La cita fue en el <strong>auditorio municipal \u00abBenito Juarez\u00bb<\/strong> y frente al Palacio Municipal, donde se realizaron trabajos gratuitos como cortes de cabello, aplicaci\u00f3n de u\u00f1as postizas, depilaci\u00f3n de cejas, maquillaje y una gran demostraci\u00f3n de reposter\u00eda por parte del <strong>CEBIS<\/strong>.<\/div>\n<div>Lo anterior, con el objetivo de establecer enlaces con las mujeres, atendi\u00e9ndolas en todas sus necesidades, buscando solucionar algunas situaciones al interior de las familias, pero sobre todo, d\u00e1ndoles oportunidad de desarrollarse\u00a0 en sus potencialidades, tanto en talleres como en otro tipo de actividades, tambi\u00e9n se les impartieron pl\u00e1ticas de nutrici\u00f3n por parte de Gema L\u00f3pez Gonz\u00e1lez y clases totalmente gratuitas de zumba.<\/div>\n<div><\/div>\n<div>Durante el programa que se prepar\u00f3, V\u00e1zquez Urbina, la finalidad de la presente administraci\u00f3n el objetivo principal de la administraci\u00f3n que encabeza V\u00e9lez S\u00e1nchez es\u00a0apoyar aquellas actividades donde se fomente la cultura, las artes, los deportes y las buenas acciones en los j\u00f3venes, y en especial a las mujeres Tequexquitences.<\/div>\n<div><\/div>\n<div>Enfatiz\u00f3, que no se pod\u00eda dejar pasar desapercibido el 8 de marzo, pues es el d\u00eda en que se conmemora la lucha por la igualdad de las mujeres.<\/div>\n<div><\/div>\n<div>Es por eso, por lo que el ayuntamiento hizo reconocimiento p\u00fablico, a todas y cada una de las mujeres Tequexquitences que diario luchan por sacar adelante a sus familias.<\/div>\n<div><img loading=\"lazy\" decoding=\"async\" class=\"alignnone size-large wp-image-66439\" src=\"http:\/\/sintesis.com.mx\/tlaxcala\/wp-content\/uploads\/2018\/03\/thumbnail-2-1024x768.jpeg\" alt=\"\" width=\"640\" height=\"480\" \/><\/div>\n","protected":false},"excerpt":{"rendered":"<p>La administraci\u00f3n municipal que encabeza el alcalde \u00d3scar V\u00e9lez S\u00e1nchez, festej\u00f3 a las mujeres a trav\u00e9s del Sistema Municipal para el Desarrollo Integral de la Familia que preside Diana del Carmen V\u00e1zquez Urbina. En el marco del D\u00eda Internacional de la Mujer, se llevaron a cabo diferentes actividades en las que fueron part\u00edcipes madres de [&hellip;]<\/p>\n","protected":false},"author":3,"featured_media":0,"comment_status":"open","ping_status":"open","sticky":false,"template":"","format":"standard","meta":{"footnotes":""},"categories":[9,1579],"tags":[3864,3430,1733,153,154],"yst_prominent_words":[],"class_list":["post-66438","post","type-post","status-publish","format-standard","hentry","category-municipios","category-tequexquitla","tag-diana-del-carmen-vazquez","tag-hoyesnoticiaapp","tag-oscar-velez-sanchez","tag-tlaxcala","tag-tlaxesnoticia"],"_links":{"self":[{"href":"https:\/\/sintesis.com.mx\/tlaxcala\/wp-json\/wp\/v2\/posts\/66438"}],"collection":[{"href":"https:\/\/sintesis.com.mx\/tlaxcala\/wp-json\/wp\/v2\/posts"}],"about":[{"href":"https:\/\/sintesis.com.mx\/tlaxcala\/wp-json\/wp\/v2\/types\/post"}],"author":[{"embeddable":true,"href":"https:\/\/sintesis.com.mx\/tlaxcala\/wp-json\/wp\/v2\/users\/3"}],"replies":[{"embeddable":true,"href":"https:\/\/sintesis.com.mx\/tlaxcala\/wp-json\/wp\/v2\/comments?post=66438"}],"version-history":[{"count":0,"href":"https:\/\/sintesis.com.mx\/tlaxcala\/wp-json\/wp\/v2\/posts\/66438\/revisions"}],"wp:attachment":[{"href":"https:\/\/sintesis.com.mx\/tlaxcala\/wp-json\/wp\/v2\/media?parent=66438"}],"wp:term":[{"taxonomy":"category","embeddable":true,"href":"https:\/\/sintesis.com.mx\/tlaxcala\/wp-json\/wp\/v2\/categories?post=66438"},{"taxonomy":"post_tag","embeddable":true,"href":"https:\/\/sintesis.com.mx\/tlaxcala\/wp-json\/wp\/v2\/tags?post=66438"},{"taxonomy":"yst_prominent_words","embeddable":true,"href":"https:\/\/sintesis.com.mx\/tlaxcala\/wp-json\/wp\/v2\/yst_prominent_words?post=66438"}],"curies":[{"name":"wp","href":"https:\/\/api.w.org\/{rel}","templated":true}]}}