{"id":67969,"date":"2018-04-12T12:12:57","date_gmt":"2018-04-12T18:12:57","guid":{"rendered":"http:\/\/sintesis.com.mx\/tlaxcala\/?p=67969"},"modified":"2018-04-12T12:12:57","modified_gmt":"2018-04-12T18:12:57","slug":"cuerpo-bomberos-ha-atendido-100-incendios-estiaje","status":"publish","type":"post","link":"https:\/\/sintesis.com.mx\/tlaxcala\/2018\/04\/12\/cuerpo-bomberos-ha-atendido-100-incendios-estiaje\/","title":{"rendered":"Cuerpo de Bomberos ha atendido 100 incendios por estiaje"},"content":{"rendered":"<p style=\"font-weight: 400;\">Durante abril y mayo, el <strong>Heroico Cuerpo de Bomberos<\/strong> estima un incremento en el n\u00famero de <strong>incendios<\/strong> no solamente en <strong>zonas arboladas<\/strong> sino en pastizales principalmente, a partir de que la <strong>ciudadan\u00eda<\/strong> incurre en quema de <strong>fogatas<\/strong>, quemas <strong>agr\u00edcolas o tiran colillas de cigarro en pastos secos.<\/strong><\/p>\n<p style=\"font-weight: 400;\">Al respecto, <strong>Alberto de los Santos Avenda\u00f1o<\/strong>, se\u00f1al\u00f3 que de acuerdo con la incidencia de fuego en a\u00f1os anteriores, el primer lugar de los eventos lo concentran aquellos que se presentan en las zonas boscosas del estado, principalmente en el <strong>Parque Nacional Malinche<\/strong> y los municipios que comparten territorio con la monta\u00f1a.<\/p>\n<p style=\"font-weight: 400;\">Y es que si bien es uno de los puntos que m\u00e1s se monitorean ante el inicio de la temporada de estiaje, destac\u00f3 que es tambi\u00e9n de los m\u00e1s problem\u00e1ticos no obstante que hay participaci\u00f3n de brigadistas de la Comisi\u00f3n Nacional Forestal (<strong>Conafor<\/strong>), municipios y hasta del Ej\u00e9rcito Mexicano en caso de ser necesario.<\/p>\n<p style=\"font-weight: 400;\">Tambi\u00e9n destacan las quemas agr\u00edcolas que preparan el terreno para la siembra del ciclo correspondiente, pero que no son tratadas adecuadamente con base en la Norma Oficial Mexicana 015 <strong>Semarnat-Sagarpa.<\/strong><\/p>\n<p style=\"font-weight: 400;\">Asimismo, la corporaci\u00f3n de bomberos tlaxcaltecas registra un incremento en el n\u00famero de atenciones en zonas urbanas por la concentraci\u00f3n de pastizales secos que, no obstante la temporada de lluvias suelen registrar incendios.<\/p>\n<p style=\"font-weight: 400;\">\u201c<em>Estamos atendiendo oportunamente y s\u00ed se est\u00e1 generando una gran cantidad pero estamos en tiempo ahora para que con estas recomendaciones a la poblaci\u00f3n baje el n\u00famero de incendios<\/em>\u201d.<\/p>\n<p style=\"font-weight: 400;\">Desde inicios de abril, el Heroico Cuerpo de Bomberos ha ofrecido atenci\u00f3n en m\u00e1s de 100 conflagraciones en diferentes regiones del estado, \u201c<em>pero no hemos tenido problema del cobro de alguna vida, y la cifra es un poco menor a la del a\u00f1o pasado<\/em>\u201d.<\/p>\n<p style=\"font-weight: 400;\"><strong>El representante de la corporaci\u00f3n en Tlaxcala, convoc\u00f3 a la poblaci\u00f3n a tener conciencia de que el tirar basura en las calles o colillas de cigarros puede ser motivo del inicio de un incendio.<\/strong><\/p>\n<p style=\"font-weight: 400;\">Hasta el momento las condiciones del fuego en la entidad se reportan de manera estable, aunque se prev\u00e9 un repunte en las pr\u00f3ximas semanas y particularmente durante mayo pr\u00f3ximo.<\/p>\n<p><img loading=\"lazy\" decoding=\"async\" class=\"alignnone size-full wp-image-62253\" src=\"http:\/\/sintesis.com.mx\/tlaxcala\/wp-content\/uploads\/2018\/01\/ATLAX_INCENDIOS15ene8.jpg\" alt=\"Lidera Tlaxcala incendios forestales en el pa\u00eds: Conafor\" width=\"780\" height=\"480\" \/><\/p>\n","protected":false},"excerpt":{"rendered":"<p>Durante abril y mayo, el Heroico Cuerpo de Bomberos estima un incremento en el n\u00famero de incendios no solamente en zonas arboladas sino en pastizales principalmente, a partir de que la ciudadan\u00eda incurre en quema de fogatas, quemas agr\u00edcolas o tiran colillas de cigarro en pastos secos. Al respecto, Alberto de los Santos Avenda\u00f1o, se\u00f1al\u00f3 [&hellip;]<\/p>\n","protected":false},"author":8,"featured_media":0,"comment_status":"open","ping_status":"open","sticky":false,"template":"","format":"standard","meta":{"footnotes":""},"categories":[150],"tags":[1543,3206,3174,4071,3430,1366,153,157],"yst_prominent_words":[],"class_list":["post-67969","post","type-post","status-publish","format-standard","hentry","category-metropoli-tlaxcala","tag-bomberos","tag-cuerpo","tag-forestales","tag-heroico","tag-hoyesnoticiaapp","tag-incendios","tag-tlaxcala","tag-tlaxslide"],"_links":{"self":[{"href":"https:\/\/sintesis.com.mx\/tlaxcala\/wp-json\/wp\/v2\/posts\/67969"}],"collection":[{"href":"https:\/\/sintesis.com.mx\/tlaxcala\/wp-json\/wp\/v2\/posts"}],"about":[{"href":"https:\/\/sintesis.com.mx\/tlaxcala\/wp-json\/wp\/v2\/types\/post"}],"author":[{"embeddable":true,"href":"https:\/\/sintesis.com.mx\/tlaxcala\/wp-json\/wp\/v2\/users\/8"}],"replies":[{"embeddable":true,"href":"https:\/\/sintesis.com.mx\/tlaxcala\/wp-json\/wp\/v2\/comments?post=67969"}],"version-history":[{"count":0,"href":"https:\/\/sintesis.com.mx\/tlaxcala\/wp-json\/wp\/v2\/posts\/67969\/revisions"}],"wp:attachment":[{"href":"https:\/\/sintesis.com.mx\/tlaxcala\/wp-json\/wp\/v2\/media?parent=67969"}],"wp:term":[{"taxonomy":"category","embeddable":true,"href":"https:\/\/sintesis.com.mx\/tlaxcala\/wp-json\/wp\/v2\/categories?post=67969"},{"taxonomy":"post_tag","embeddable":true,"href":"https:\/\/sintesis.com.mx\/tlaxcala\/wp-json\/wp\/v2\/tags?post=67969"},{"taxonomy":"yst_prominent_words","embeddable":true,"href":"https:\/\/sintesis.com.mx\/tlaxcala\/wp-json\/wp\/v2\/yst_prominent_words?post=67969"}],"curies":[{"name":"wp","href":"https:\/\/api.w.org\/{rel}","templated":true}]}}