{"id":71013,"date":"2018-06-01T14:03:33","date_gmt":"2018-06-01T19:03:33","guid":{"rendered":"http:\/\/sintesis.com.mx\/tlaxcala\/?p=71013"},"modified":"2018-06-01T14:46:20","modified_gmt":"2018-06-01T19:46:20","slug":"lamentan-diputados-suplentes-que-congreso-viva-en-inconstitucionalidad","status":"publish","type":"post","link":"https:\/\/sintesis.com.mx\/tlaxcala\/2018\/06\/01\/lamentan-diputados-suplentes-que-congreso-viva-en-inconstitucionalidad\/","title":{"rendered":"Lamentan diputados suplentes que Congreso viva en inconstitucionalidad"},"content":{"rendered":"<p>Luego de que no les tomaron protesta como diputados como lo orden\u00f3 el Tribunal Electoral de Tlaxcala (<strong>TET<\/strong>), con el argumento que <strong>no se cuenta con el qu\u00f3rum y con una Mesa Directiva, los suplentes de Arnulfo Ar\u00e9valo Lara y Mariano Gonz\u00e1lez Aguirre, Naim Burgos Moreno y Fernando Tamayo Chavero<\/strong>, respectivamente, lamentaron que el <strong>Poder Legislativo<\/strong> viva en la <strong>inconstitucionalidad<\/strong>.<\/p>\n<p>Durante una entrevista, luego de conocer que la sesi\u00f3n extraordinaria en la que tomar\u00edan protesta fue suspendida, Tamayo Chavero lament\u00f3 la situaci\u00f3n, sin embargo, reconoci\u00f3 que era algo que ya esperaban.<\/p>\n<p>\u201c<strong><em>Ya sab\u00edamos que esta era una situaci\u00f3n inminente que iban a ser uso de la falta de qu\u00f3rum, a efecto de retrasar la resoluci\u00f3n en este caso del TET, y bueno en ese sentido seguir con lo que marca Ley, concretamente con el incidente, de inejecuci\u00f3n de sentencia<\/em><\/strong>\u201d, indic\u00f3.<\/p>\n<p>Precis\u00f3 que seguir\u00e1n recurriendo al tribunal local antes que a un federal, de ah\u00ed, que aclar\u00f3 que es lamentable que como sucedi\u00f3 con otros cuatro suplentes a quienes les dio la raz\u00f3n la Sala Regional del Tribunal Electoral del Poder Judicial de la Federaci\u00f3n (<strong>Tepjf<\/strong>), que ambas instancias hayan interpretado y reconocido \u201c<strong><em>la inconstitucionalidad en la que vive hoy el poder legislativo<\/em><\/strong>\u201d.<\/p>\n<p>\u201c<em>Yo creo que cuando uno tiene el privilegio de representar a Tlaxcala se debe de dirigir con toda responsabilidad, en nuestro caso lo \u00fanico que buscamos es dar muestras que somos persona de legalidad\u2026 no caer en una irresponsabilidad por no presentarnos<\/em>\u201d, agreg\u00f3.<\/p>\n<p>De igual manera, inform\u00f3 que desconoce las causas por los que los diputados integrantes de la LXII han puesto diversas trabas para el arribo de los suplentes, sin embargo, opin\u00f3 que es lamentable que un poder tan importante permanezca as\u00ed.<\/p>\n<p>Por su parte, Burgos Moreno abund\u00f3 que el objetivo principal por el que quieren ser integrados a la Legislatura, es para colaborar para disminuir con el importante rezago que se tiene.<\/p>\n<p>Por \u00faltimo, <strong>aconsej\u00f3 a la ciudadan\u00eda en que analice su voto para las pr\u00f3ximas elecciones, con la finalidad de que ya no se vuelva a repetir una situaci\u00f3n como la actual, de par\u00e1lisis legislativa.<\/strong><\/p>\n","protected":false},"excerpt":{"rendered":"<p>Luego de que no les tomaron protesta como diputados como lo orden\u00f3 el Tribunal Electoral de Tlaxcala (TET), con el argumento que no se cuenta con el qu\u00f3rum y con una Mesa Directiva, los suplentes de Arnulfo Ar\u00e9valo Lara y Mariano Gonz\u00e1lez Aguirre, Naim Burgos Moreno y Fernando Tamayo Chavero, respectivamente, lamentaron que el Poder [&hellip;]<\/p>\n","protected":false},"author":7,"featured_media":0,"comment_status":"open","ping_status":"open","sticky":false,"template":"","format":"standard","meta":{"footnotes":""},"categories":[150],"tags":[3254,4407,3857,680,153,154],"yst_prominent_words":[],"class_list":["post-71013","post","type-post","status-publish","format-standard","hentry","category-metropoli-tlaxcala","tag-congreso-local","tag-diputados-suplentes","tag-tepjf","tag-tet","tag-tlaxcala","tag-tlaxesnoticia"],"_links":{"self":[{"href":"https:\/\/sintesis.com.mx\/tlaxcala\/wp-json\/wp\/v2\/posts\/71013"}],"collection":[{"href":"https:\/\/sintesis.com.mx\/tlaxcala\/wp-json\/wp\/v2\/posts"}],"about":[{"href":"https:\/\/sintesis.com.mx\/tlaxcala\/wp-json\/wp\/v2\/types\/post"}],"author":[{"embeddable":true,"href":"https:\/\/sintesis.com.mx\/tlaxcala\/wp-json\/wp\/v2\/users\/7"}],"replies":[{"embeddable":true,"href":"https:\/\/sintesis.com.mx\/tlaxcala\/wp-json\/wp\/v2\/comments?post=71013"}],"version-history":[{"count":0,"href":"https:\/\/sintesis.com.mx\/tlaxcala\/wp-json\/wp\/v2\/posts\/71013\/revisions"}],"wp:attachment":[{"href":"https:\/\/sintesis.com.mx\/tlaxcala\/wp-json\/wp\/v2\/media?parent=71013"}],"wp:term":[{"taxonomy":"category","embeddable":true,"href":"https:\/\/sintesis.com.mx\/tlaxcala\/wp-json\/wp\/v2\/categories?post=71013"},{"taxonomy":"post_tag","embeddable":true,"href":"https:\/\/sintesis.com.mx\/tlaxcala\/wp-json\/wp\/v2\/tags?post=71013"},{"taxonomy":"yst_prominent_words","embeddable":true,"href":"https:\/\/sintesis.com.mx\/tlaxcala\/wp-json\/wp\/v2\/yst_prominent_words?post=71013"}],"curies":[{"name":"wp","href":"https:\/\/api.w.org\/{rel}","templated":true}]}}