{"id":71873,"date":"2018-06-13T14:30:58","date_gmt":"2018-06-13T19:30:58","guid":{"rendered":"http:\/\/sintesis.com.mx\/tlaxcala\/?p=71873"},"modified":"2018-06-13T14:37:04","modified_gmt":"2018-06-13T19:37:04","slug":"realizan-homenaje-luctuoso-de-emilio-sanchez-piedras","status":"publish","type":"post","link":"https:\/\/sintesis.com.mx\/tlaxcala\/2018\/06\/13\/realizan-homenaje-luctuoso-de-emilio-sanchez-piedras\/","title":{"rendered":"Conmemoran XXXVII Aniversario Luctuoso de Emilio S\u00e1nchez Piedras"},"content":{"rendered":"<p class=\"yiv6088188417MsoNormal\">En el municipio de\u00a0<strong>Apizaco<\/strong> se llev\u00f3 a cabo el\u00a0<strong>XXXVII aniversario luctuoso<\/strong> en honor de <strong>Emilio S\u00e1nchez Piedras<\/strong>, tlaxcalteca que dedic\u00f3 su vida al servicio de la <strong>ciudadan\u00eda<\/strong>, de igual forma hicieron entrega del <strong>reconocimiento<\/strong> al <strong>m\u00e9rito ciudadano.<\/strong><\/p>\n<p class=\"yiv6088188417MsoNormal\">En su mensaje, el alcalde <strong>Julio C\u00e9sar Hern\u00e1ndez Mej\u00eda<\/strong> dijo que S\u00e1nchez Piedras fue un hombre que marc\u00f3 una \u00e9poca, \u201ca pr\u00e1cticamente cuatro d\u00e9cadas de la partida de don Emilio, sigue vigente su legado y su obra\u201d.<\/p>\n<p class=\"yiv6088188417MsoNormal\">El edil de Apizaco calific\u00f3 como extraordinario a Emilio S\u00e1nchez Piedras, por ser un magn\u00edfico pol\u00edtico, un gran servidor p\u00fablico y ser humano.<\/p>\n<p><img loading=\"lazy\" decoding=\"async\" class=\"size-large wp-image-71877 aligncenter\" src=\"http:\/\/sintesis.com.mx\/tlaxcala\/wp-content\/uploads\/2018\/06\/WhatsApp-Image-2018-06-13-at-10.34.31-AM-1024x768.jpeg\" alt=\"Realizan homenaje luctuoso de Emilio S\u00e1nchez Piedras\" width=\"640\" height=\"480\" \/><\/p>\n<p class=\"yiv6088188417MsoNormal\">Seguido de su mensaje, hizo referencia al reconocimiento que este a\u00f1o se otorg\u00f3 al referente apizaquense <strong>Miguel Ses\u00edn Mar\u00edn<\/strong>, \u00edcono de la <strong>radio local con 37 a\u00f1os de trayectoria.<\/strong><\/p>\n<p class=\"yiv6088188417MsoNormal\">El galardonado agradeci\u00f3 el reconocimiento que le fue conferido, al mismo tiempo dijo que el recibir el reconocimiento Emilio S\u00e1nchez Piedras, representa para \u00e9l una enorme responsabilidad con el pueblo de Apizaco.<\/p>\n<p class=\"yiv6088188417MsoNormal\">En su oportunidad, el gobernador del estado, <strong>Marco Mena Rodr\u00edguez<\/strong>, felicit\u00f3 en primera instancia al galardonado, luego, en su mensaje, dijo que conmemorar a un personaje ejemplar, es recordarlo con admiraci\u00f3n <strong>por su vida y su trayectoria<\/strong>.<\/p>\n<p class=\"yiv6088188417MsoNormal\">\u201c<em>A 37 a\u00f1os de su fallecimiento, su memoria nos re\u00fane hoy a actuar con las misma vocaci\u00f3n pol\u00edtica que los distingui\u00f3, fue un hombre cuyo ejercicio de gobierno estuvo pensado y hecho siempre hac\u00eda el futuro, sin detenerse, enfrentando un escenario retador<\/em>\u201d.<\/p>\n<p class=\"yiv6088188417MsoNormal\">Posterior a los mensajes emitidos, las autoridades estatales realizaron una guardia de honor y colocaron arreglos florales al exgobernador tlaxcalteca, del mismo modo, el gabinete municipal hizo lo propio mientras la banda de guerra del Instituto Tecnol\u00f3gico de Apizaco realizaba el toque de silencio.<\/p>\n<p class=\"yiv6088188417MsoNormal\">Para finalizar, familiares y amigos del ilustre apizaquense tomaron turno para montar una \u00faltima guardia.<\/p>\n<p><img loading=\"lazy\" decoding=\"async\" class=\"alignleft size-large wp-image-71876\" src=\"http:\/\/sintesis.com.mx\/tlaxcala\/wp-content\/uploads\/2018\/06\/WhatsApp-Image-2018-06-13-at-10.30.58-AM-1024x768.jpeg\" alt=\"Realizan homenaje luctuoso de Emilio S\u00e1nchez Piedras\" width=\"640\" height=\"480\" \/><\/p>\n","protected":false},"excerpt":{"rendered":"<p>En el municipio de\u00a0Apizaco se llev\u00f3 a cabo el\u00a0XXXVII aniversario luctuoso en honor de Emilio S\u00e1nchez Piedras, tlaxcalteca que dedic\u00f3 su vida al servicio de la ciudadan\u00eda, de igual forma hicieron entrega del reconocimiento al m\u00e9rito ciudadano. En su mensaje, el alcalde Julio C\u00e9sar Hern\u00e1ndez Mej\u00eda dijo que S\u00e1nchez Piedras fue un hombre que marc\u00f3 [&hellip;]<\/p>\n","protected":false},"author":5,"featured_media":0,"comment_status":"open","ping_status":"open","sticky":false,"template":"","format":"standard","meta":{"footnotes":""},"categories":[695,9],"tags":[2061,531,4659,3144,153,157],"yst_prominent_words":[],"class_list":["post-71873","post","type-post","status-publish","format-standard","hentry","category-apizaco","category-municipios","tag-aniversario-luctuoso","tag-emilio-sanchez-piedras","tag-merito-ciudadano","tag-reconocimiento","tag-tlaxcala","tag-tlaxslide"],"_links":{"self":[{"href":"https:\/\/sintesis.com.mx\/tlaxcala\/wp-json\/wp\/v2\/posts\/71873"}],"collection":[{"href":"https:\/\/sintesis.com.mx\/tlaxcala\/wp-json\/wp\/v2\/posts"}],"about":[{"href":"https:\/\/sintesis.com.mx\/tlaxcala\/wp-json\/wp\/v2\/types\/post"}],"author":[{"embeddable":true,"href":"https:\/\/sintesis.com.mx\/tlaxcala\/wp-json\/wp\/v2\/users\/5"}],"replies":[{"embeddable":true,"href":"https:\/\/sintesis.com.mx\/tlaxcala\/wp-json\/wp\/v2\/comments?post=71873"}],"version-history":[{"count":0,"href":"https:\/\/sintesis.com.mx\/tlaxcala\/wp-json\/wp\/v2\/posts\/71873\/revisions"}],"wp:attachment":[{"href":"https:\/\/sintesis.com.mx\/tlaxcala\/wp-json\/wp\/v2\/media?parent=71873"}],"wp:term":[{"taxonomy":"category","embeddable":true,"href":"https:\/\/sintesis.com.mx\/tlaxcala\/wp-json\/wp\/v2\/categories?post=71873"},{"taxonomy":"post_tag","embeddable":true,"href":"https:\/\/sintesis.com.mx\/tlaxcala\/wp-json\/wp\/v2\/tags?post=71873"},{"taxonomy":"yst_prominent_words","embeddable":true,"href":"https:\/\/sintesis.com.mx\/tlaxcala\/wp-json\/wp\/v2\/yst_prominent_words?post=71873"}],"curies":[{"name":"wp","href":"https:\/\/api.w.org\/{rel}","templated":true}]}}