{"id":73565,"date":"2018-07-16T10:20:56","date_gmt":"2018-07-16T15:20:56","guid":{"rendered":"http:\/\/sintesis.com.mx\/tlaxcala\/?p=73565"},"modified":"2018-07-16T10:20:56","modified_gmt":"2018-07-16T15:20:56","slug":"congreso-del-estado-trabaja-por-nueva-ley-de-movilidad","status":"publish","type":"post","link":"https:\/\/sintesis.com.mx\/tlaxcala\/2018\/07\/16\/congreso-del-estado-trabaja-por-nueva-ley-de-movilidad\/","title":{"rendered":"Congreso del estado trabaja por nueva Ley de Movilidad"},"content":{"rendered":"<p class=\"p3\">El <strong>Congreso del estado<\/strong> espera que el jefe del\u00a0<strong>Ejecutivo<\/strong>\u00a0de luz verde para someter a votaci\u00f3n la nueva <strong>Ley de Movilidad y Transportes de Tlaxcala<\/strong>, debido a que la actual no ha sido modificada desde el a\u00f1o <strong>1983<\/strong>.<\/p>\n<p class=\"p3\">Sin embargo, el presidente de la <strong>Comisi\u00f3n de Movilidad y Transportes del Congreso local, Arnulfo Ar\u00e9valo Lara<\/strong> reconoci\u00f3 que no s\u00f3lo se requiere de la voluntad de sus compa\u00f1eros de Legislatura, sino de las reuniones que sostenga con funcionarios estatales en especial con el titular de la Secretar\u00eda de Comunicaciones y Transportes (<strong>Secte<\/strong>), <strong>No\u00e9 Rodr\u00edguez Rold\u00e1n.<\/strong><\/p>\n<p class=\"p3\">Al ser cuestionado que si, a menos de dos meses de que concluya la Legislatura, aun les dar\u00e1 tiempo aprobarla coment\u00f3 \u201ccreo que s\u00ed, cuando hay la voluntad de los dem\u00e1s legisladores, reitero voy a tener una entrevista con el secretario para que con el Poder Ejecutivo podamos trabajar coordinadamente\u201d.<\/p>\n<p class=\"p3\" style=\"text-align: center;\"><strong><em>\u201cYa la tenemos concluida, pero tengo que trabajar con el \u00e1rea de Comunicaciones y Transportes, porque no puedo tomar mi camino libre y tengo que platicar con ellos para llegar a acuerdos y propuestas que ellos tengan, porque a lo mejor propongo algo y me dicen que se tiene que mejorar en este sentido\u201d, concluy\u00f3.<\/em><\/strong><\/p>\n<p class=\"p3\">Abund\u00f3 que uno de los temas que a\u00fan est\u00e1 a discusi\u00f3n son las plataformas electr\u00f3nicas para facilitar el acceso al servicio de taxis que carecen de una concesi\u00f3n. Adem\u00e1s de los ex\u00e1menes que se deben de someter los interesados en obtener una licencia para conducir y el uso de tel\u00e9fono celular.<\/p>\n<p class=\"p3\" style=\"text-align: center;\"><strong><em>\u201cEstamos en ese detallito, ese es el asunto que tenemos que revisar para que no anden ilegales los se\u00f1ores de la plataforma Pronto\u2026 el examen que a cada conductor de diferentes unidades hasta el transporte p\u00fablico privado tienen que hacerles los ex\u00e1menes cuando les expidan una licencia porque no se hace ese examen para ver si est\u00e1n en condiciones para que se les de la licencia, tenemos que regularizar prohibir al momento que estas conduciendo el celular porque derivado de eso ha habido muchos accidentes y algunos fatales, entonces tenemos que trabajar y contemplarlos dentro de la ley\u201d, ejemplific\u00f3.<\/em><\/strong><\/p>\n<p class=\"p3\">Record\u00f3 que el actual ordenamiento tiene una antig\u00fcedad de m\u00e1s de 30 a\u00f1os, la cual en algunos temas est\u00e1 desfasada, por ello, insisti\u00f3 en que es de vital importancia la participaci\u00f3n del secretario de Comunicaciones y Transportes del estado.<\/p>\n","protected":false},"excerpt":{"rendered":"<p>El Congreso del estado espera que el jefe del\u00a0Ejecutivo\u00a0de luz verde para someter a votaci\u00f3n la nueva Ley de Movilidad y Transportes de Tlaxcala, debido a que la actual no ha sido modificada desde el a\u00f1o 1983. Sin embargo, el presidente de la Comisi\u00f3n de Movilidad y Transportes del Congreso local, Arnulfo Ar\u00e9valo Lara reconoci\u00f3 [&hellip;]<\/p>\n","protected":false},"author":7,"featured_media":0,"comment_status":"open","ping_status":"open","sticky":false,"template":"","format":"standard","meta":{"footnotes":""},"categories":[150],"tags":[4779,173,3430,3867,1663,311,153,154],"yst_prominent_words":[],"class_list":["post-73565","post","type-post","status-publish","format-standard","hentry","category-metropoli-tlaxcala","tag-arnulfo-arevalo-lara","tag-congreso","tag-hoyesnoticiaapp","tag-ley-de-movilidad","tag-noe-rodriguez-roldan","tag-secte","tag-tlaxcala","tag-tlaxesnoticia"],"_links":{"self":[{"href":"https:\/\/sintesis.com.mx\/tlaxcala\/wp-json\/wp\/v2\/posts\/73565"}],"collection":[{"href":"https:\/\/sintesis.com.mx\/tlaxcala\/wp-json\/wp\/v2\/posts"}],"about":[{"href":"https:\/\/sintesis.com.mx\/tlaxcala\/wp-json\/wp\/v2\/types\/post"}],"author":[{"embeddable":true,"href":"https:\/\/sintesis.com.mx\/tlaxcala\/wp-json\/wp\/v2\/users\/7"}],"replies":[{"embeddable":true,"href":"https:\/\/sintesis.com.mx\/tlaxcala\/wp-json\/wp\/v2\/comments?post=73565"}],"version-history":[{"count":0,"href":"https:\/\/sintesis.com.mx\/tlaxcala\/wp-json\/wp\/v2\/posts\/73565\/revisions"}],"wp:attachment":[{"href":"https:\/\/sintesis.com.mx\/tlaxcala\/wp-json\/wp\/v2\/media?parent=73565"}],"wp:term":[{"taxonomy":"category","embeddable":true,"href":"https:\/\/sintesis.com.mx\/tlaxcala\/wp-json\/wp\/v2\/categories?post=73565"},{"taxonomy":"post_tag","embeddable":true,"href":"https:\/\/sintesis.com.mx\/tlaxcala\/wp-json\/wp\/v2\/tags?post=73565"},{"taxonomy":"yst_prominent_words","embeddable":true,"href":"https:\/\/sintesis.com.mx\/tlaxcala\/wp-json\/wp\/v2\/yst_prominent_words?post=73565"}],"curies":[{"name":"wp","href":"https:\/\/api.w.org\/{rel}","templated":true}]}}