{"id":75686,"date":"2018-08-18T12:05:18","date_gmt":"2018-08-18T17:05:18","guid":{"rendered":"http:\/\/sintesis.com.mx\/tlaxcala\/?p=75686"},"modified":"2018-08-18T12:07:31","modified_gmt":"2018-08-18T17:07:31","slug":"ofrece-el-estado-disculpa-publica-a-exacreditables","status":"publish","type":"post","link":"https:\/\/sintesis.com.mx\/tlaxcala\/2018\/08\/18\/ofrece-el-estado-disculpa-publica-a-exacreditables\/","title":{"rendered":"Ofrece el Estado disculpa p\u00fablica a exacreditables"},"content":{"rendered":"<p class=\"p1\">El gobierno del estado de <strong>Tlaxcala<\/strong>, ofreci\u00f3 <strong>disculpa p\u00fablica<\/strong> a los <strong>siete expolic\u00edas estatales<\/strong> <strong>acreditables<\/strong> que fueron encarcelados en <strong>2015<\/strong>, debido a una presunta <strong>vinculaci\u00f3n<\/strong> con el <strong>delito de secuestro expr\u00e9s<\/strong>.<\/p>\n<p class=\"p1\"><strong>En un hecho in\u00e9dito<\/strong> para el estado de Tlaxcala, en <strong>Palacio de Gobierno<\/strong> funcionarios de la administraci\u00f3n estatal realizaron el <strong>procedimiento<\/strong> que orden\u00f3 la Comisi\u00f3n Estatal de Derechos Humanos (<strong>CEDH<\/strong>), como parte de la reparaci\u00f3n del da\u00f1o que estableci\u00f3 el dictamen del organismo aut\u00f3nomo.<\/p>\n<p class=\"p1\">En el acto estuvieron presentes los expolic\u00edas que fueron encarcelados, quienes no ocultaron sus gestos de rechazo y desaprobaci\u00f3n, por lo que cometi\u00f3 la administraci\u00f3n estatal anterior.<\/p>\n<p class=\"p1\">Y es que durante la gesti\u00f3n de <strong>Alicia Fragoso S\u00e1nchez<\/strong> como procuradora General de Justicia en Tlaxcala, <strong>los expolic\u00edas estatales fueron se\u00f1alados de haber cometido secuestro expr\u00e9<\/strong>s, aun cuando reportes period\u00edsticos confirmaban que no estuvieron en el lugar en el que supuestamente se cometi\u00f3 el il\u00edcito.<\/p>\n<p class=\"p1\">Al respecto <strong>Jos\u00e9 Jorge L\u00f3pez P\u00e9rez, exdirector de la Polic\u00eda Estatal Acreditable<\/strong>, se\u00f1al\u00f3 que esta disculpa no <strong>recompone<\/strong> lo que <strong>padecieron en la c\u00e1rcel<\/strong>, ni mucho menos los <em>salarios y la dignidad que ten\u00edan previo a su encarcelamiento<\/em>.<\/p>\n<p class=\"p1\">Agreg\u00f3 que <strong>si bien aceptaban la disculpa p\u00fablica<\/strong>, el gobierno deber\u00e1 cumplir con la totalidad de la <strong>reparaci\u00f3n del da\u00f1o moral, econ\u00f3mico, de salud y laboral<\/strong>, como lo estableci\u00f3 la recomendaci\u00f3n 2\/2018 que emiti\u00f3 la CEDH.<\/p>\n<p class=\"p1\">Los representantes de la Procuradur\u00eda General de Justicia del Estado, <strong>Roberto Texis Texis,<\/strong> y el director de gobernaci\u00f3n, <strong>Joaqu\u00edn Flores Nophal,<\/strong> fueron los encargados de ofrecer la disculpa p\u00fablica, como parte de la reparaci\u00f3n del da\u00f1o moral, a los expolic\u00edas: <strong>Efr\u00e9n Rodr\u00edguez Mariano, Abel Hern\u00e1ndez P\u00e9rez, Jos\u00e9 Jorge L\u00f3pez P\u00e9rez, Juan Carlos Y\u00e1\u00f1ez Osorno, Luis H\u00e9ctor Grande Tlapale, Patricia Aguilar Hern\u00e1ndez y Gemma Clara Badillo.<\/strong><\/p>\n<p class=\"p1\"><em>\u201cAl respecto, se estima oportuno destacar que la mencionada disculpa p\u00fablica, a manera de reparaci\u00f3n de da\u00f1o moral, tiene relaci\u00f3n directa con actos de autoridad llevados a cabo en la administraci\u00f3n 2011-2016, que no corresponde a la actual. No obstante, en cumplimiento a la citada recomendaci\u00f3n, se ratifica el compromiso para que no se repitan violaciones a los derechos humanos por parte de los servidores p\u00fablicos del estado\u201d.<\/em><\/p>\n<p class=\"p1\">Los ofendidos que permanecieron en la c\u00e1rcel por un lapso de m\u00e1s de un a\u00f1o, advirtieron que no habr\u00e1 perd\u00f3n ni olvido, y agregaron que las heridas f\u00edsicas y mentales no cerrar\u00e1n hasta que accedan a la justicia.<\/p>\n<p class=\"p1\"><em>\u201cLas heridas s\u00f3lo podr\u00e1n cerrarse cuando se nos haga justicia a las v\u00edctimas, esperamos que el se\u00f1or gobernador, no incurra en actos como los de las autoridades que le precedieron. No habr\u00e1 olvido ni perd\u00f3n de los ciudadanos agravados por esta impunidad de a\u00f1os\u201d.<\/em><\/p>\n<p><img loading=\"lazy\" decoding=\"async\" class=\"aligncenter size-full wp-image-75687\" src=\"http:\/\/sintesis.com.mx\/tlaxcala\/wp-content\/uploads\/2018\/08\/ATLAX_DISCULPA18AGO8.jpg\" alt=\"Ofrece el Estado disculpa p\u00fablica a exacreditables\" width=\"780\" height=\"480\" \/><\/p>\n","protected":false},"excerpt":{"rendered":"<p>El gobierno del estado de Tlaxcala, ofreci\u00f3 disculpa p\u00fablica a los siete expolic\u00edas estatales acreditables que fueron encarcelados en 2015, debido a una presunta vinculaci\u00f3n con el delito de secuestro expr\u00e9s.<\/p>\n","protected":false},"author":8,"featured_media":0,"comment_status":"open","ping_status":"open","sticky":false,"template":"","format":"standard","meta":{"footnotes":""},"categories":[150],"tags":[2485,879,243,3430,240,224,153,154],"yst_prominent_words":[],"class_list":["post-75686","post","type-post","status-publish","format-standard","hentry","category-metropoli-tlaxcala","tag-disculpa","tag-estado","tag-gobierno","tag-hoyesnoticiaapp","tag-pgje","tag-policias","tag-tlaxcala","tag-tlaxesnoticia"],"_links":{"self":[{"href":"https:\/\/sintesis.com.mx\/tlaxcala\/wp-json\/wp\/v2\/posts\/75686"}],"collection":[{"href":"https:\/\/sintesis.com.mx\/tlaxcala\/wp-json\/wp\/v2\/posts"}],"about":[{"href":"https:\/\/sintesis.com.mx\/tlaxcala\/wp-json\/wp\/v2\/types\/post"}],"author":[{"embeddable":true,"href":"https:\/\/sintesis.com.mx\/tlaxcala\/wp-json\/wp\/v2\/users\/8"}],"replies":[{"embeddable":true,"href":"https:\/\/sintesis.com.mx\/tlaxcala\/wp-json\/wp\/v2\/comments?post=75686"}],"version-history":[{"count":0,"href":"https:\/\/sintesis.com.mx\/tlaxcala\/wp-json\/wp\/v2\/posts\/75686\/revisions"}],"wp:attachment":[{"href":"https:\/\/sintesis.com.mx\/tlaxcala\/wp-json\/wp\/v2\/media?parent=75686"}],"wp:term":[{"taxonomy":"category","embeddable":true,"href":"https:\/\/sintesis.com.mx\/tlaxcala\/wp-json\/wp\/v2\/categories?post=75686"},{"taxonomy":"post_tag","embeddable":true,"href":"https:\/\/sintesis.com.mx\/tlaxcala\/wp-json\/wp\/v2\/tags?post=75686"},{"taxonomy":"yst_prominent_words","embeddable":true,"href":"https:\/\/sintesis.com.mx\/tlaxcala\/wp-json\/wp\/v2\/yst_prominent_words?post=75686"}],"curies":[{"name":"wp","href":"https:\/\/api.w.org\/{rel}","templated":true}]}}