{"id":80351,"date":"2018-11-20T19:23:53","date_gmt":"2018-11-21T01:23:53","guid":{"rendered":"http:\/\/sintesis.com.mx\/tlaxcala\/?p=80351"},"modified":"2018-11-20T19:23:53","modified_gmt":"2018-11-21T01:23:53","slug":"feria-del-cacao","status":"publish","type":"post","link":"https:\/\/sintesis.com.mx\/tlaxcala\/2018\/11\/20\/feria-del-cacao\/","title":{"rendered":"Feria del Cacao concentrar\u00e1 a m\u00e1s de 35 productoras de esta bebida"},"content":{"rendered":"<p>El presidente municipal de Zacatelco, <strong>Tom\u00e1s Orea Albarr\u00e1n<\/strong>, encabez\u00f3 la presentaci\u00f3n de la segunda edici\u00f3n de la Feria del Cacao 2018 que se llevar\u00e1 a cabo del 23 al 25 de noviembre del a\u00f1o en curso.<\/p>\n<p>Festividad que agrupar\u00e1 a m\u00e1s de 35 productoras tradicionales de esta bebida milenaria que le da identidad cultural y gastron\u00f3mica al municipio enclavado en la zona sur del estado de Tlaxcala.<\/p>\n<p>En este sentido, el presidente municipal inform\u00f3 que esperar\u00e1n la visita de unas cinco mil personas durante el periodo de la festividad; por lo cual, se han dado a la tarea de realizar acercamientos con los restaurantes y hoteles de la regi\u00f3n para dar una atenci\u00f3n de primer nivel a los visitantes.<\/p>\n<p><strong><em>\u201cNuestra bebida de cacao o tambi\u00e9n conocida como agua de barranca, es \u00edcono de nuestro municipio y nos ha dado identidad por su tradicional elaboraci\u00f3n y por toda la historia que contiene a lo largo de los a\u00f1os\u201d.<\/em><\/strong><\/p>\n<p>El edil asegur\u00f3 que en el municipio que representa, se han dado a la tarea de dignificar esta actividad para que las generaciones venideras se sientan orgullosas de su riqueza gastron\u00f3mica, que es patrimonio inmaterial de la comuna.<\/p>\n<p>Abund\u00f3 tambi\u00e9n que como estado invitado se contar\u00e1 con la presencia de Oaxaca, que se dar\u00e1 a la tarea de dar a conocer su riqueza cultural y artesanal durante los tres d\u00edas que dura la festividad propia de Zacatelco.<\/p>\n<p>El edil destac\u00f3 que desde hace un a\u00f1o surgi\u00f3 la idea de darle mayor realce a la elaboraci\u00f3n del cacao para sumar todo en una fiesta cultural para dar a conocer esta riqueza al turismo nacional y local.<\/p>\n<p>Abundaron que se realizar\u00e1n diversas actividades para todos los sectores de la sociedad, tal es el caso de ponencias a cargo del chef <strong>Irad Santacruz Arciniega<\/strong>, proyecciones cinematogr\u00e1ficas y dem\u00e1s actividades culturales.<\/p>\n<p>Para finalizar, dej\u00f3 abierta la invitaci\u00f3n a toda la poblaci\u00f3n para visitar Zacatelco durante estos tres d\u00edas y conocer m\u00e1s sobre las ra\u00edces que le dan vida al llamado Coraz\u00f3n del Sur.<\/p>\n","protected":false},"excerpt":{"rendered":"<p>El presidente municipal de Zacatelco, Tom\u00e1s Orea Albarr\u00e1n, encabez\u00f3 la presentaci\u00f3n de la segunda edici\u00f3n de la Feria del Cacao 2018<\/p>\n","protected":false},"author":5,"featured_media":0,"comment_status":"open","ping_status":"open","sticky":false,"template":"","format":"standard","meta":{"footnotes":""},"categories":[150,620],"tags":[4298,403,18,153,154,226],"yst_prominent_words":[],"class_list":["post-80351","post","type-post","status-publish","format-standard","hentry","category-metropoli-tlaxcala","category-zacatelco","tag-cacao","tag-feria","tag-municipios","tag-tlaxcala","tag-tlaxesnoticia","tag-zacatelco"],"_links":{"self":[{"href":"https:\/\/sintesis.com.mx\/tlaxcala\/wp-json\/wp\/v2\/posts\/80351"}],"collection":[{"href":"https:\/\/sintesis.com.mx\/tlaxcala\/wp-json\/wp\/v2\/posts"}],"about":[{"href":"https:\/\/sintesis.com.mx\/tlaxcala\/wp-json\/wp\/v2\/types\/post"}],"author":[{"embeddable":true,"href":"https:\/\/sintesis.com.mx\/tlaxcala\/wp-json\/wp\/v2\/users\/5"}],"replies":[{"embeddable":true,"href":"https:\/\/sintesis.com.mx\/tlaxcala\/wp-json\/wp\/v2\/comments?post=80351"}],"version-history":[{"count":0,"href":"https:\/\/sintesis.com.mx\/tlaxcala\/wp-json\/wp\/v2\/posts\/80351\/revisions"}],"wp:attachment":[{"href":"https:\/\/sintesis.com.mx\/tlaxcala\/wp-json\/wp\/v2\/media?parent=80351"}],"wp:term":[{"taxonomy":"category","embeddable":true,"href":"https:\/\/sintesis.com.mx\/tlaxcala\/wp-json\/wp\/v2\/categories?post=80351"},{"taxonomy":"post_tag","embeddable":true,"href":"https:\/\/sintesis.com.mx\/tlaxcala\/wp-json\/wp\/v2\/tags?post=80351"},{"taxonomy":"yst_prominent_words","embeddable":true,"href":"https:\/\/sintesis.com.mx\/tlaxcala\/wp-json\/wp\/v2\/yst_prominent_words?post=80351"}],"curies":[{"name":"wp","href":"https:\/\/api.w.org\/{rel}","templated":true}]}}