{"id":84338,"date":"2019-02-07T15:01:23","date_gmt":"2019-02-07T21:01:23","guid":{"rendered":"http:\/\/sintesis.com.mx\/tlaxcala\/?p=84338"},"modified":"2019-02-07T15:01:23","modified_gmt":"2019-02-07T21:01:23","slug":"diego-ventura-se-presentara-en-tlaxcala-el-23-de-febrero","status":"publish","type":"post","link":"https:\/\/sintesis.com.mx\/tlaxcala\/2019\/02\/07\/diego-ventura-se-presentara-en-tlaxcala-el-23-de-febrero\/","title":{"rendered":"Diego Ventura se presentar\u00e1 en Tlaxcala el 23 de febrero"},"content":{"rendered":"<p style=\"font-weight: 400;\">Autoridades estatales y del sector empresarial, dieron a conocer el cartel taurino que se desarrollar\u00e1 en la <strong>plaza Jorge Aguilar \u201cEl Ranchero\u201d<\/strong> de la capital tlaxcalteca, en el que se presentar\u00e1 la primera figura del <strong>rejoneo<\/strong> mundial, <strong><em>Diego Ventur<\/em>a.<\/strong><\/p>\n<p style=\"font-weight: 400;\">Se trata de un cartel mixto que se desarrollar\u00e1 el <em>23 de febrero a las 5 de la tarde<\/em>, en el que tambi\u00e9n partir\u00e1n plaza los toreros de a pie, <strong>Ernesto Javier \u201cCalita\u201d<\/strong> y el tlaxcalteca <strong>Gerardo Rivera<\/strong>, con seis toros de la ganader\u00eda local de <strong>Tenexac<\/strong>.<\/p>\n<p style=\"font-weight: 400;\">Diego Ventura llegar\u00e1 a esta presentaci\u00f3n como uno de los m\u00e1ximos expositores de la tauromaquia a caballo, y precedido de su m\u00e1s reciente triunfo en el complejo tlaxcalteca de Val\u2019Quirico.<\/p>\n<p style=\"font-weight: 400;\">No s\u00f3lo eso, en el recuerdo de la afici\u00f3n a los toros, a\u00fan vive el indulto que consigui\u00f3 con el toro \u00ab<strong>Fantasma<\/strong>\u00bb de la ganader\u00eda de Enrique Fraga en la Monumental Plaza M\u00e9xico el pasado 11 de noviembre de 2018, que lo encumbr\u00f3 como figura del rejoneo en nuestro pa\u00eds.<\/p>\n<p style=\"font-weight: 400;\">Por su parte, Ernesto Javier tambi\u00e9n se presenta en un buen momento despu\u00e9s de la tarde que tore\u00f3 el pasado <strong>4 de febrero en la Plaza M\u00e9xico<\/strong>, en donde el acero le evit\u00f3 cortar por lo menos una oreja en la primera de dos, corridas de aniversario.<\/p>\n<p style=\"font-weight: 400;\">Al respecto, Juan Manuel Riveroll,\u00a0director operativo de la empresa Taurina MDT-Feria Tlaxcala resumi\u00f3 que la corrida fue montada en sociedad por las empresas Rep\u00fablica Toro, Feria Toro y Alma Taurina, con lo que se busca garantizar el espect\u00e1culo serio y que corresponda a la grandeza de la plaza de toros capitalina.<\/p>\n<p style=\"font-weight: 400;\">Durante la presentaci\u00f3n del cartel estuvo presente el Coordinador de Protecci\u00f3n Civil en el Estado, Jos\u00e9 Antonio Ram\u00edrez Hern\u00e1ndez, quien anunci\u00f3 que ser\u00e1 instaurado un dispositivo especial de seguridad para verificar que nadie que no tenga nada que hacer en el callej\u00f3n, sea desalojado.<\/p>\n<p style=\"font-weight: 400;\">Y es que ya se convirti\u00f3 en una mala pr\u00e1ctica que en las tardes de toros en las plazas de Tlaxcala exista una presencia importante de amigos y hasta familiares, principalmente de autoridades y hasta de los toreros, lo que representa un eventual riesgo por las condiciones inherentes al espect\u00e1culo con toros bravos.<\/p>\n<p style=\"font-weight: 400;\">El funcionario estatal advirti\u00f3 que se har\u00e1 especial \u00e9nfasis en que tengan que estar en el callej\u00f3n \u00fanicamente aquellos que est\u00e9n plenamente acreditados con una funci\u00f3n en ese espacio.<\/p>\n<p style=\"font-weight: 400;\">Por su parte, el director del Instituto Tlaxcalteca de Desarrollo Taurino (<strong>ITDT<\/strong>), <strong>Luis Mariano Andalco L\u00f3pez<\/strong>, refrend\u00f3 que la fiesta brava representa un especial dinamismo econ\u00f3mico para la entidad, pues su derrama alcanza a los empresarios organizadores, pero tambi\u00e9n al vendedor m\u00e1s humilde.<\/p>\n<p><img loading=\"lazy\" decoding=\"async\" class=\"alignnone size-large wp-image-84339\" src=\"http:\/\/sintesis.com.mx\/tlaxcala\/wp-content\/uploads\/2019\/02\/IMG-20190207-WA0025-1024x680.jpg\" alt=\"\" width=\"640\" height=\"425\" \/><\/p>\n","protected":false},"excerpt":{"rendered":"<p>Autoridades estatales y del sector empresarial, dieron a conocer el cartel taurino que se desarrollar\u00e1 en la plaza Jorge Aguilar \u201cEl Ranchero\u201d de la capital tlaxcalteca, en el que se presentar\u00e1 la primera figura del rejoneo mundial, Diego Ventura. Se trata de un cartel mixto que se desarrollar\u00e1 el 23 de febrero a las 5 [&hellip;]<\/p>\n","protected":false},"author":8,"featured_media":0,"comment_status":"open","ping_status":"open","sticky":false,"template":"","format":"standard","meta":{"footnotes":""},"categories":[150],"tags":[402,5977,3430,1062,153,154],"yst_prominent_words":[],"class_list":["post-84338","post","type-post","status-publish","format-standard","hentry","category-metropoli-tlaxcala","tag-cartel","tag-diego-ventura","tag-hoyesnoticiaapp","tag-plaza-de-toros","tag-tlaxcala","tag-tlaxesnoticia"],"_links":{"self":[{"href":"https:\/\/sintesis.com.mx\/tlaxcala\/wp-json\/wp\/v2\/posts\/84338"}],"collection":[{"href":"https:\/\/sintesis.com.mx\/tlaxcala\/wp-json\/wp\/v2\/posts"}],"about":[{"href":"https:\/\/sintesis.com.mx\/tlaxcala\/wp-json\/wp\/v2\/types\/post"}],"author":[{"embeddable":true,"href":"https:\/\/sintesis.com.mx\/tlaxcala\/wp-json\/wp\/v2\/users\/8"}],"replies":[{"embeddable":true,"href":"https:\/\/sintesis.com.mx\/tlaxcala\/wp-json\/wp\/v2\/comments?post=84338"}],"version-history":[{"count":0,"href":"https:\/\/sintesis.com.mx\/tlaxcala\/wp-json\/wp\/v2\/posts\/84338\/revisions"}],"wp:attachment":[{"href":"https:\/\/sintesis.com.mx\/tlaxcala\/wp-json\/wp\/v2\/media?parent=84338"}],"wp:term":[{"taxonomy":"category","embeddable":true,"href":"https:\/\/sintesis.com.mx\/tlaxcala\/wp-json\/wp\/v2\/categories?post=84338"},{"taxonomy":"post_tag","embeddable":true,"href":"https:\/\/sintesis.com.mx\/tlaxcala\/wp-json\/wp\/v2\/tags?post=84338"},{"taxonomy":"yst_prominent_words","embeddable":true,"href":"https:\/\/sintesis.com.mx\/tlaxcala\/wp-json\/wp\/v2\/yst_prominent_words?post=84338"}],"curies":[{"name":"wp","href":"https:\/\/api.w.org\/{rel}","templated":true}]}}