{"id":85279,"date":"2019-02-23T10:50:26","date_gmt":"2019-02-23T16:50:26","guid":{"rendered":"http:\/\/sintesis.com.mx\/tlaxcala\/?p=85279"},"modified":"2019-02-23T15:54:23","modified_gmt":"2019-02-23T21:54:23","slug":"protege-sesa-a-infantes-con-semana-nacional-de-salud","status":"publish","type":"post","link":"https:\/\/sintesis.com.mx\/tlaxcala\/2019\/02\/23\/protege-sesa-a-infantes-con-semana-nacional-de-salud\/","title":{"rendered":"Protege SESA a infantes con Semana Nacional de Salud"},"content":{"rendered":"<p style=\"font-weight: 400;\">La Secretar\u00eda de Salud (<strong>SESA<\/strong>) realizar\u00e1 del <strong>23 de febrero al 1 de marzo<\/strong> la <strong>Primera Semana Nacional de Salud<\/strong>, que tiene como actividad principal la aplicaci\u00f3n de la vacuna oral contra lapoliomielitis (<strong>Sabin<\/strong>)\u00a0a ni\u00f1as y ni\u00f1os de seis a 59 meses de edad.<\/p>\n<p style=\"font-weight: 400;\">La dependencia estatal dio a conocer que bajo el lema\u00a0\u201c<em><strong>Por el bienestar de tu familia y de M\u00e9xico, vac\u00fanalos<\/strong><\/em>\u201d la campa\u00f1a contempla la\u00a0aplicaci\u00f3n de m\u00e1s de 12 mil dosis que incluyen 14 vacunas para evitar la tuberculosis men\u00edngea, hepatitis B, sarampi\u00f3n, rub\u00e9ola, parotiditis, difteria, tos ferina, t\u00e9tanos y poliomielitis.<\/p>\n<p style=\"font-weight: 400;\">Adem\u00e1s, diferentes instituciones del sector salud en la entidad participar\u00e1n en la jornada que tiene programadas m\u00e1s de 234 actividades adicionales como la entrega de sobres de vida suero oral y \u00e1cido f\u00f3lico, as\u00ed como la difusi\u00f3n de mensajes promocionales dirigidos a madres de menores de edad.<\/p>\n<p style=\"font-weight: 400;\">Cabe se\u00f1alar que el servicio estar\u00e1 disponible en las unidades de salud del estado y por medio de brigadas de vacunaci\u00f3n, adem\u00e1s se instalar\u00e1n 799 puestos de vacunaci\u00f3n y se contar\u00e1 con la participaci\u00f3n de 698 m\u00e9dicos, enfermeras y personal voluntario.<\/p>\n<p><img loading=\"lazy\" decoding=\"async\" class=\"aligncenter size-large wp-image-85281\" src=\"http:\/\/sintesis.com.mx\/tlaxcala\/wp-content\/uploads\/2019\/02\/230219_SESA_2-1024x683.jpg\" alt=\"Protege SESA a infantes con Semana Nacional de Salud\" width=\"640\" height=\"427\" \/><\/p>\n","protected":false},"excerpt":{"rendered":"<p>La Secretar\u00eda de Salud (SESA) realizar\u00e1 del 23 de febrero al 1 de marzo la Primera Semana Nacional de Salud, que tiene como actividad principal la aplicaci\u00f3n de la vacuna oral contra lapoliomielitis (Sabin)\u00a0a ni\u00f1as y ni\u00f1os de seis a 59 meses de edad. La dependencia estatal dio a conocer que bajo el lema\u00a0\u201cPor el [&hellip;]<\/p>\n","protected":false},"author":3,"featured_media":0,"comment_status":"open","ping_status":"open","sticky":false,"template":"","format":"standard","meta":{"footnotes":""},"categories":[150],"tags":[6094,143,3430,5493,291,156,153,154],"yst_prominent_words":[],"class_list":["post-85279","post","type-post","status-publish","format-standard","hentry","category-metropoli-tlaxcala","tag-bienestar","tag-familia","tag-hoyesnoticiaapp","tag-sabin","tag-salud","tag-sesa","tag-tlaxcala","tag-tlaxesnoticia"],"_links":{"self":[{"href":"https:\/\/sintesis.com.mx\/tlaxcala\/wp-json\/wp\/v2\/posts\/85279"}],"collection":[{"href":"https:\/\/sintesis.com.mx\/tlaxcala\/wp-json\/wp\/v2\/posts"}],"about":[{"href":"https:\/\/sintesis.com.mx\/tlaxcala\/wp-json\/wp\/v2\/types\/post"}],"author":[{"embeddable":true,"href":"https:\/\/sintesis.com.mx\/tlaxcala\/wp-json\/wp\/v2\/users\/3"}],"replies":[{"embeddable":true,"href":"https:\/\/sintesis.com.mx\/tlaxcala\/wp-json\/wp\/v2\/comments?post=85279"}],"version-history":[{"count":0,"href":"https:\/\/sintesis.com.mx\/tlaxcala\/wp-json\/wp\/v2\/posts\/85279\/revisions"}],"wp:attachment":[{"href":"https:\/\/sintesis.com.mx\/tlaxcala\/wp-json\/wp\/v2\/media?parent=85279"}],"wp:term":[{"taxonomy":"category","embeddable":true,"href":"https:\/\/sintesis.com.mx\/tlaxcala\/wp-json\/wp\/v2\/categories?post=85279"},{"taxonomy":"post_tag","embeddable":true,"href":"https:\/\/sintesis.com.mx\/tlaxcala\/wp-json\/wp\/v2\/tags?post=85279"},{"taxonomy":"yst_prominent_words","embeddable":true,"href":"https:\/\/sintesis.com.mx\/tlaxcala\/wp-json\/wp\/v2\/yst_prominent_words?post=85279"}],"curies":[{"name":"wp","href":"https:\/\/api.w.org\/{rel}","templated":true}]}}