{"id":86632,"date":"2019-03-19T16:07:31","date_gmt":"2019-03-19T22:07:31","guid":{"rendered":"http:\/\/sintesis.com.mx\/tlaxcala\/?p=86632"},"modified":"2019-03-19T16:07:31","modified_gmt":"2019-03-19T22:07:31","slug":"programa-superate-tiene-listas-sus-reglas-de-operacion-mena","status":"publish","type":"post","link":"https:\/\/sintesis.com.mx\/tlaxcala\/2019\/03\/19\/programa-superate-tiene-listas-sus-reglas-de-operacion-mena\/","title":{"rendered":"Programa Sup\u00e9rate tiene listas sus reglas de operaci\u00f3n: Mena"},"content":{"rendered":"<p>El gobernador de <strong>Tlaxcala<\/strong>, <em><strong>Marco Mena Rodr\u00edguez<\/strong><\/em>, anunci\u00f3 que breve ser\u00e1n anunciados los detalles para la implementaci\u00f3n del programa \u201c<strong>Sup\u00e9rate<\/strong>\u201d, que buscar\u00e1 sacar de la pobreza extrema a <em><strong>35 mil personas en comunidades focalizadas de 13 municipios del estado.<\/strong><\/em><\/p>\n<p>En entrevista, el Ejecutivo inform\u00f3 que ya est\u00e1n listas las <strong>reglas de operaci\u00f3n para la estrategia que invertir\u00e1 una bolsa de 200 millones de pesos<\/strong> seg\u00fan el proyecto anunciado el a\u00f1o pasado.<\/p>\n<p>Se trata de un programa que, apunt\u00f3, ser\u00e1 completo en todos sus t\u00e9rminos y que adem\u00e1s recogi\u00f3 las experiencias de otros pa\u00edses.<\/p>\n<p style=\"text-align: center;\"><strong><em>\u201cQueremos documentarlo para que podamos tener una referencia muy clara de un programa social exitoso y pr\u00f3ximamente vamos a presentarlo en sus componentes concretos y la forma en que estar\u00e1 organizado\u201d.<\/em><\/strong><\/p>\n<p>El gobernador record\u00f3 que en Tlaxcala existe un aproximado de <em>74 mil personas viviendo en condiciones de pobreza extrema, por lo que la previsi\u00f3n inicial ser\u00e1 de sacar de esa realidad a 35 mil personas.<\/em><\/p>\n<p>Abund\u00f3 en que si bien el programa est\u00e1 incluido en 13 municipios del estado, la estrategia s\u00f3lo beneficiar\u00e1 a aquellas zonas geogr\u00e1ficas b\u00e1sicas que el Instituto Nacional de Estad\u00edstica y Geograf\u00eda (<strong>Inegi<\/strong>) ha identificado para Tlaxcala.<\/p>\n<p><strong>Estado har\u00e1 pinza con gobierno federal en programas sociales<\/strong><\/p>\n<p>Por otro lado, el gobernador se\u00f1al\u00f3 que su administraci\u00f3n busca empalmar los programas sociales que impulsar\u00e1 el gobierno de la Rep\u00fablica con las acciones a nivel local, particularmente en t\u00e9rminos de desarrollo social, infraestructura carretera e incluso seguridad p\u00fablica.<\/p>\n<p>Al respecto, Marco Mena anunci\u00f3 que en breve sostendr\u00e1 una reuni\u00f3n con los enlaces operativos de la federaci\u00f3n para que se pueda hacer \u201c<strong><em>pinza entre ambos gobiernos para aplicar todos los recursos para los programas sociales en Tlaxcala<\/em><\/strong>\u201d.<\/p>\n<p>Dijo que habiendo recursos ya etiquetados para los programas sociales, el Estado acompa\u00f1ar\u00e1 las estrategias para que el presupuesto pueda ejecutarse en todos sus t\u00e9rminos a nivel local.<\/p>\n<p style=\"text-align: center;\"><strong><em>\u201cNo queremos que habiendo ya un recurso destinado no se pueda ejercer por falta de capacidad para poder desplegarlo, lo que queremos es que s\u00ed se aplique en Tlaxcala y que toda la poblaci\u00f3n que pueda acceder a un beneficio, lo reciba\u201d.<\/em><\/strong><\/p>\n<p>En esas tareas, inform\u00f3 adem\u00e1s que en lo que respecta a la inversi\u00f3n que anunci\u00f3 el presidente <strong>Andr\u00e9s Manuel L\u00f3pez Obrador<\/strong> para carreteras en el estado, por lo menos 200 millones de pesos se destinar\u00e1n para la modernizaci\u00f3n de la carretera Tlaxcala-Apizaco.<\/p>\n<p>En tanto, inform\u00f3 que 500 millones de pesos ser\u00e1n erogados en el estado para el mantenimiento de la red carretera.<\/p>\n<p><img loading=\"lazy\" decoding=\"async\" class=\"alignnone size-large wp-image-86633\" src=\"http:\/\/sintesis.com.mx\/tlaxcala\/wp-content\/uploads\/2019\/03\/mena-1-1024x755.jpg\" alt=\"\" width=\"640\" height=\"472\" \/><\/p>\n","protected":false},"excerpt":{"rendered":"<p>El gobernador de Tlaxcala, Marco Mena Rodr\u00edguez, anunci\u00f3 que breve ser\u00e1n anunciados los detalles para la implementaci\u00f3n del programa \u201cSup\u00e9rate\u201d, que buscar\u00e1 sacar de la pobreza extrema a 35 mil personas en comunidades focalizadas de 13 municipios del estado. En entrevista, el Ejecutivo inform\u00f3 que ya est\u00e1n listas las reglas de operaci\u00f3n para la estrategia [&hellip;]<\/p>\n","protected":false},"author":8,"featured_media":0,"comment_status":"open","ping_status":"open","sticky":false,"template":"","format":"standard","meta":{"footnotes":""},"categories":[150],"tags":[297,3430,864,278,1387,5982,154],"yst_prominent_words":[],"class_list":["post-86632","post","type-post","status-publish","format-standard","hentry","category-metropoli-tlaxcala","tag-carretera","tag-hoyesnoticiaapp","tag-marco-mena-rodriguez","tag-obras","tag-programa","tag-superate","tag-tlaxesnoticia"],"_links":{"self":[{"href":"https:\/\/sintesis.com.mx\/tlaxcala\/wp-json\/wp\/v2\/posts\/86632"}],"collection":[{"href":"https:\/\/sintesis.com.mx\/tlaxcala\/wp-json\/wp\/v2\/posts"}],"about":[{"href":"https:\/\/sintesis.com.mx\/tlaxcala\/wp-json\/wp\/v2\/types\/post"}],"author":[{"embeddable":true,"href":"https:\/\/sintesis.com.mx\/tlaxcala\/wp-json\/wp\/v2\/users\/8"}],"replies":[{"embeddable":true,"href":"https:\/\/sintesis.com.mx\/tlaxcala\/wp-json\/wp\/v2\/comments?post=86632"}],"version-history":[{"count":0,"href":"https:\/\/sintesis.com.mx\/tlaxcala\/wp-json\/wp\/v2\/posts\/86632\/revisions"}],"wp:attachment":[{"href":"https:\/\/sintesis.com.mx\/tlaxcala\/wp-json\/wp\/v2\/media?parent=86632"}],"wp:term":[{"taxonomy":"category","embeddable":true,"href":"https:\/\/sintesis.com.mx\/tlaxcala\/wp-json\/wp\/v2\/categories?post=86632"},{"taxonomy":"post_tag","embeddable":true,"href":"https:\/\/sintesis.com.mx\/tlaxcala\/wp-json\/wp\/v2\/tags?post=86632"},{"taxonomy":"yst_prominent_words","embeddable":true,"href":"https:\/\/sintesis.com.mx\/tlaxcala\/wp-json\/wp\/v2\/yst_prominent_words?post=86632"}],"curies":[{"name":"wp","href":"https:\/\/api.w.org\/{rel}","templated":true}]}}