{"id":88611,"date":"2019-04-26T09:22:01","date_gmt":"2019-04-26T14:22:01","guid":{"rendered":"http:\/\/sintesis.com.mx\/tlaxcala\/?p=88611"},"modified":"2019-04-26T09:22:42","modified_gmt":"2019-04-26T14:22:42","slug":"esperan-10-mil-visitantes-a-la-feria-ixtacuixtla","status":"publish","type":"post","link":"https:\/\/sintesis.com.mx\/tlaxcala\/2019\/04\/26\/esperan-10-mil-visitantes-a-la-feria-ixtacuixtla\/","title":{"rendered":"Esperan 10 mil visitantes a la feria Ixtacuixtla"},"content":{"rendered":"<p class=\"p1\">Con la presencia de autoridades estatales, municipales y eclesi\u00e1sticas,\u00a0se realiz\u00f3 la presentaci\u00f3n de la <strong>Feria del merengue y artesan\u00edas<\/strong> <strong>Ixtacuixtla<\/strong> <strong>2019<\/strong>, a realizarse del <strong>27 de abril al cinco de mayo<\/strong> donde esperan m\u00e1s de 10 mil visitantes, y una derrama econ\u00f3mica de seis a siete millones de pesos, indic\u00f3 el alcalde, <strong>Rafael Zambrano Cervantes.<\/strong><\/p>\n<p class=\"p1\">En conferencia de prensa, puntualiz\u00f3 que aproximadamente tendr\u00e1n una inversi\u00f3n de <strong>800 mil pesos<\/strong>, con acciones conjuntas con los presidentes de comunidad, la iglesia y autoridades estatales, quienes est\u00e1n trabajando arduamente para que por tercer a\u00f1o consecutivo la presente administraci\u00f3n municipal, realice m\u00e1s de <strong>20 eventos culturales, educativos y recreativos de forma gratuita.<\/strong><\/p>\n<p class=\"p1\">Sobre la seguridad dijo que ya sostuvo una reuni\u00f3n con los alcaldes de los municipios circunvecinos como es el caso de <strong>Tepetitla,\u00a0Espa\u00f1ita, Nopalucan y Panotla<\/strong>, quienes le apoyar\u00e1n para que los visitantes tengan esa garant\u00eda.<\/p>\n<p class=\"p1\">En su momento, el presidente municipal tambi\u00e9n destac\u00f3 que realizar\u00e1n el primero de mayo la feria del mole en la que se realizar\u00e1n 17 cazuelas de este platillo para poco m\u00e1s de seis mil comensales a partir de las 14 horas en el auditorio municipal y por la noche el gran baile de feria amenizado por la <strong>Banda Todo Terreno y Grupo Ensamble.<\/strong><\/p>\n<blockquote class=\"twitter-tweet\" data-width=\"550\" data-dnt=\"true\">\n<p lang=\"es\" dir=\"ltr\"><a href=\"https:\/\/twitter.com\/hashtag\/Ixtacuixtla?src=hash&amp;ref_src=twsrc%5Etfw\">#Ixtacuixtla<\/a> | Con la presencia de autoridades estatales, municipales y eclesi\u00e1sticas, se realiz\u00f3 la presentaci\u00f3n de la Feria del merengue y artesan\u00edas 2019 \ud83d\ude0b a realizarse del 27 de abril al 5 de mayo. Se esperan mas de 10 mil visitantes y una derrama de 6 mdp.<br \/>\ud83d\udcf7 <a href=\"https:\/\/twitter.com\/chelycorona3?ref_src=twsrc%5Etfw\">@chelycorona3<\/a> <a href=\"https:\/\/t.co\/GXwZj3qCEd\">pic.twitter.com\/GXwZj3qCEd<\/a><\/p>\n<p>&mdash; S\u00edntesis Tlaxcala (@TlaxSintesis) <a href=\"https:\/\/twitter.com\/TlaxSintesis\/status\/1121486848746909702?ref_src=twsrc%5Etfw\">April 25, 2019<\/a><\/p><\/blockquote>\n<p><script async src=\"https:\/\/platform.twitter.com\/widgets.js\" charset=\"utf-8\"><\/script><\/p>\n<p class=\"p1\">Tambi\u00e9n se tendr\u00e1 la participaci\u00f3n de 40 artesanos del lugar y for\u00e1neos, quienes expondr\u00e1n sus productos y esperan una derrama econ\u00f3mica importante, pues mencion\u00f3 que no se les cobran los espacios ya que el objetivo es apoyarlos en su econom\u00eda.<\/p>\n<p class=\"p1\" style=\"text-align: center;\">El sacerdote del municipio, C\u00e9sar Delgado, de la presidenta honor\u00edfica del DIF, Georgina Beatriz Luna S\u00e1nchez, del representante del Comit\u00e9 de Feria, Leonardo P\u00e9rez Hern\u00e1ndez, inform\u00f3 que \u201c<em><strong>hay un total respaldo de la iglesia cat\u00f3lica, de los presidentes de comunidad y ciudadanos para que sea un \u00e9xito los festejos en honor de San Felipe Ap\u00f3stol<\/strong><\/em>\u201d.<\/p>\n<p class=\"p1\">Algunos de los eventos ser\u00e1n el Off Road el pr\u00f3ximo 27 de abril en la unidad deportiva, en el que esperan m\u00e1s de seis mil visitantes y el 29 de abril se realizar\u00e1 el desfile de feria a partir de las <strong>15:30 horas, a las 18: 30 horas la inauguraci\u00f3n oficial y la coronaci\u00f3n de la reina, quien ser\u00e1 electa a trav\u00e9s de los likes de los ciudadanos en la p\u00e1gina de Facebook.<\/strong><\/p>\n<p class=\"p1\">Las candidatas a reinas de Feria Ixtacuixtla 2019 son las j\u00f3venes: <em><strong>Viridiana L\u00f3pez Cornejo, Mar\u00eda Isabel Andrade Espinoza y Fabiola de la Rosa Gonz\u00e1lez.<\/strong><\/em><\/p>\n<p><img loading=\"lazy\" decoding=\"async\" class=\"aligncenter size-large wp-image-88612\" src=\"http:\/\/sintesis.com.mx\/tlaxcala\/wp-content\/uploads\/2019\/04\/ATLAX_05_NOTA-1_26ABR-1024x683.jpg\" alt=\"Esperan 10 mil visitantes a la feria Ixtacuixtla\" width=\"640\" height=\"427\" \/><\/p>\n","protected":false},"excerpt":{"rendered":"<p>Con la presencia de autoridades estatales, municipales y eclesi\u00e1sticas,\u00a0se realiz\u00f3 la presentaci\u00f3n de la Feria del merengue y artesan\u00edas Ixtacuixtla 2019, a realizarse del 27 de abril al cinco de mayo donde esperan m\u00e1s de 10 mil visitantes, y una derrama econ\u00f3mica de seis a siete millones de pesos, indic\u00f3 el alcalde, Rafael Zambrano Cervantes. [&hellip;]<\/p>\n","protected":false},"author":3,"featured_media":0,"comment_status":"open","ping_status":"open","sticky":false,"template":"","format":"standard","meta":{"footnotes":""},"categories":[653],"tags":[403,3430,6824,1126,153,154,479],"yst_prominent_words":[],"class_list":["post-88611","post","type-post","status-publish","format-standard","hentry","category-ixtacuixtla","tag-feria","tag-hoyesnoticiaapp","tag-merengue","tag-rafael-zambrano-cervantes","tag-tlaxcala","tag-tlaxesnoticia","tag-visitantes"],"_links":{"self":[{"href":"https:\/\/sintesis.com.mx\/tlaxcala\/wp-json\/wp\/v2\/posts\/88611"}],"collection":[{"href":"https:\/\/sintesis.com.mx\/tlaxcala\/wp-json\/wp\/v2\/posts"}],"about":[{"href":"https:\/\/sintesis.com.mx\/tlaxcala\/wp-json\/wp\/v2\/types\/post"}],"author":[{"embeddable":true,"href":"https:\/\/sintesis.com.mx\/tlaxcala\/wp-json\/wp\/v2\/users\/3"}],"replies":[{"embeddable":true,"href":"https:\/\/sintesis.com.mx\/tlaxcala\/wp-json\/wp\/v2\/comments?post=88611"}],"version-history":[{"count":0,"href":"https:\/\/sintesis.com.mx\/tlaxcala\/wp-json\/wp\/v2\/posts\/88611\/revisions"}],"wp:attachment":[{"href":"https:\/\/sintesis.com.mx\/tlaxcala\/wp-json\/wp\/v2\/media?parent=88611"}],"wp:term":[{"taxonomy":"category","embeddable":true,"href":"https:\/\/sintesis.com.mx\/tlaxcala\/wp-json\/wp\/v2\/categories?post=88611"},{"taxonomy":"post_tag","embeddable":true,"href":"https:\/\/sintesis.com.mx\/tlaxcala\/wp-json\/wp\/v2\/tags?post=88611"},{"taxonomy":"yst_prominent_words","embeddable":true,"href":"https:\/\/sintesis.com.mx\/tlaxcala\/wp-json\/wp\/v2\/yst_prominent_words?post=88611"}],"curies":[{"name":"wp","href":"https:\/\/api.w.org\/{rel}","templated":true}]}}