{"id":88834,"date":"2019-05-01T08:47:25","date_gmt":"2019-05-01T13:47:25","guid":{"rendered":"http:\/\/sintesis.com.mx\/tlaxcala\/?p=88834"},"modified":"2019-05-01T08:47:25","modified_gmt":"2019-05-01T13:47:25","slug":"believe-or-not-believe","status":"publish","type":"post","link":"https:\/\/sintesis.com.mx\/tlaxcala\/2019\/05\/01\/believe-or-not-believe\/","title":{"rendered":"Believe or not believe"},"content":{"rendered":"<p class=\"p1\">Creer o no creer, \u00e9se es el dilema. Y es el tema de estas colaboraciones en que nos preguntamos en d\u00f3nde radica la terrible crueldad con la cual se masacra a nuestros semejantes. Podemos negar hechos que forman la base de la ciencia contempor\u00e1nea, como el fen\u00f3meno del calentamiento global, la teor\u00eda de la evoluci\u00f3n, la redondez de la tierra (\u00a1!), la llegada del hombre a la luna o el genocidio de los jud\u00edos a manos de los nazis y, en cambio, creer en la m\u00e1s disparatada teor\u00eda sobre las cosas m\u00e1s absolutamente carentes de fundamento. Creer, como hemos visto, es ante todo una decisi\u00f3n, y no una basada en hechos sino en percepciones o predilecciones emotivas.<\/p>\n<p class=\"p1\">\u00bfC\u00f3mo obtiene credibilidad una ideolog\u00eda de odio? Como cualquier creencia soportada en prejuicios, miedos e ignorancia (quiz\u00e1 sean sin\u00f3nimos): por una determinaci\u00f3n personal, por una convicci\u00f3n interna, sin nexos con la realidad circundante. Sin \u00e1nimo de descubrir el agua tibia, podemos se\u00f1alar que, por una parte, existen percepciones que son el sustento de los cr\u00edmenes de odio. Si el mundo es el escenario de la eterna lucha entre el bien y el mal, lo \u00fanico que se requiere es identificar al malo. Aqu\u00ed, otro principio de simplificaci\u00f3n: el malo no puedo ser yo, ergo, el malo es el otro. Y el rebosante etc\u00e9tera que engloba esta otredad es vast\u00edsimo: el que profesa una religi\u00f3n diferente, el que sigue a otro candidato, el extranjero, el de un credo pol\u00edtico diferente al nuestro. Porque el otro adem\u00e1s es ininteligible y, por consiguiente, deshumanizable.<\/p>\n<p class=\"p1\">Los ejemplos se multiplican a nuestro alrededor. Matar a 300 personas en Sri Lanka porque no son musulmanes, enjaular ni\u00f1os en Estados Unidos porque son migrantes, asesinar a una persona porque tiene una predilecci\u00f3n sexual minoritaria, son formas en que la deshumanizaci\u00f3n del otro se manifiesta claramente. En su forma benigna, la discriminaci\u00f3n por motivos de raza, religi\u00f3n o preferencia sexual son una consecuencia que, de tan cotidiana, acaba por parecer \u201cnormal\u201d o por lo menos \u201cno tan grave\u201d. En el extremo, su resultado es el lavado cerebral de un yihadista que est\u00e1 dispuesto a matar ni\u00f1os, ancianos, mujeres y de inmolarse a s\u00ed mismo en una pretendida defensa de su fe.<\/p>\n<p class=\"p1\">El mecanismo por el cual negamos la realidad hist\u00f3rica del holocausto, del exterminio de los indios pieles rojas en los Estados Unidos o de los pueblos originarios de Am\u00e9rica por parte de los conquistadores espa\u00f1oles es an\u00e1logo. El mecanismo mental que permiti\u00f3 que dichos etnocidios se llevaran a cabo, tambi\u00e9n.<\/p>\n<p class=\"p1\">Si construir una ideolog\u00eda de odio es f\u00e1cil, la construcci\u00f3n de la tolerancia es un camino escabroso que suele resquebrajarse con cualquier malentendido. Aceptar que una persona puede tener un pensamiento radicalmente opuesto al nuestro es, en principio, su derecho, resulta dif\u00edcil. Entender que el hecho de que una persona que opina y piensa diferente a nosotros no la hace nuestra enemiga, implica un paso adelante en ese proceso genial que llamamos civilizaci\u00f3n. Coexistir con personas diversas en preferencia, gustos, convicciones, creencias, costumbres, culturas y entender que la diferencia es la riqueza de la sociedad, es avanzar en ese arduo camino que es la evoluci\u00f3n de la especie humana.<\/p>\n<p><img loading=\"lazy\" decoding=\"async\" class=\"aligncenter size-full wp-image-88835\" src=\"http:\/\/sintesis.com.mx\/tlaxcala\/wp-content\/uploads\/2019\/05\/ATLAX_06_CARICATURA_30ABR.jpg\" alt=\"Believe or not believe\" width=\"2480\" height=\"2520\" \/><\/p>\n","protected":false},"excerpt":{"rendered":"<p>Creer o no creer, \u00e9se es el dilema. Y es el tema de estas colaboraciones en que nos preguntamos en d\u00f3nde radica la terrible crueldad con la cual se masacra a nuestros semejantes. Podemos negar hechos que forman la base de la ciencia contempor\u00e1nea, como el fen\u00f3meno del calentamiento global, la teor\u00eda de la evoluci\u00f3n, [&hellip;]<\/p>\n","protected":false},"author":20,"featured_media":61125,"comment_status":"open","ping_status":"open","sticky":false,"template":"","format":"standard","meta":{"footnotes":""},"categories":[11],"tags":[1508,6846,153,79],"yst_prominent_words":[],"class_list":["post-88834","post","type-post","status-publish","format-standard","has-post-thumbnail","hentry","category-vox","tag-fe-de-ratas","tag-jose-javier-de-reyes","tag-tlaxcala","tag-vox"],"_links":{"self":[{"href":"https:\/\/sintesis.com.mx\/tlaxcala\/wp-json\/wp\/v2\/posts\/88834"}],"collection":[{"href":"https:\/\/sintesis.com.mx\/tlaxcala\/wp-json\/wp\/v2\/posts"}],"about":[{"href":"https:\/\/sintesis.com.mx\/tlaxcala\/wp-json\/wp\/v2\/types\/post"}],"author":[{"embeddable":true,"href":"https:\/\/sintesis.com.mx\/tlaxcala\/wp-json\/wp\/v2\/users\/20"}],"replies":[{"embeddable":true,"href":"https:\/\/sintesis.com.mx\/tlaxcala\/wp-json\/wp\/v2\/comments?post=88834"}],"version-history":[{"count":0,"href":"https:\/\/sintesis.com.mx\/tlaxcala\/wp-json\/wp\/v2\/posts\/88834\/revisions"}],"wp:featuredmedia":[{"embeddable":true,"href":"https:\/\/sintesis.com.mx\/tlaxcala\/wp-json\/wp\/v2\/media\/61125"}],"wp:attachment":[{"href":"https:\/\/sintesis.com.mx\/tlaxcala\/wp-json\/wp\/v2\/media?parent=88834"}],"wp:term":[{"taxonomy":"category","embeddable":true,"href":"https:\/\/sintesis.com.mx\/tlaxcala\/wp-json\/wp\/v2\/categories?post=88834"},{"taxonomy":"post_tag","embeddable":true,"href":"https:\/\/sintesis.com.mx\/tlaxcala\/wp-json\/wp\/v2\/tags?post=88834"},{"taxonomy":"yst_prominent_words","embeddable":true,"href":"https:\/\/sintesis.com.mx\/tlaxcala\/wp-json\/wp\/v2\/yst_prominent_words?post=88834"}],"curies":[{"name":"wp","href":"https:\/\/api.w.org\/{rel}","templated":true}]}}