{"id":89409,"date":"2019-05-09T11:06:19","date_gmt":"2019-05-09T16:06:19","guid":{"rendered":"http:\/\/sintesis.com.mx\/tlaxcala\/?p=89409"},"modified":"2019-05-09T11:06:19","modified_gmt":"2019-05-09T16:06:19","slug":"reforma-educativa-dejo-abierto-el-debate-coparmex","status":"publish","type":"post","link":"https:\/\/sintesis.com.mx\/tlaxcala\/2019\/05\/09\/reforma-educativa-dejo-abierto-el-debate-coparmex\/","title":{"rendered":"Reforma Educativa dej\u00f3 abierto el debate: Coparmex"},"content":{"rendered":"<p>La madrugada de este jueves <strong>nueve de mayo<\/strong>, fue de nueva cuenta aprobada la llamada <strong>contrareforma educativa<\/strong>, lo que dejo abiertas las posibilidades para abordar temas relevantes, destac\u00f3 la Confederaci\u00f3n Patronal de la Rep\u00fablica Mexicana (<strong>Coparmex<\/strong>).<\/p>\n<p>Mediante un comunicado, aseguraron que <strong>se abri\u00f3 la posibilidad de alimentar sustancialmente un debate p\u00fablico<\/strong> que puso a la educaci\u00f3n en el centro de atenci\u00f3n de los legisladores y ciudadan\u00eda inmersa en el tema.<\/p>\n<p>Considera la Coparmex que la educaci\u00f3n requiere mayores<strong> recursos financieros<\/strong> para extender cobertura, as\u00ed como un \u00e1rea estrat\u00e9gica con una necesidad urgente de aumentar la calidad educativa.<\/p>\n<p>Lo anterior previo a destacar que entre los pa\u00edses miembros de la <strong>OCDE<\/strong>, M\u00e9xico ocupa el vergonzoso \u00faltimo lugar de la prueba <strong>PISA<\/strong>, asimismo, solo el 23 por ciento de los j\u00f3venes mexicanos tienen educaci\u00f3n superior, muy por debajo del <strong>44 por ciento de los pa\u00edses de la organizaci\u00f3n.<\/strong><\/p>\n<p style=\"text-align: center;\"><em><strong>\u201cEn Coparmex, observamos con profunda consternaci\u00f3n retrocesos en temas cr\u00edticos como son la supuesta gratuidad de la educaci\u00f3n, la eliminaci\u00f3n de la evaluaci\u00f3n docente y la ausencia de un plan estrat\u00e9gico en materia educativa\u201d.<\/strong><\/em><\/p>\n<p>La premisa de una educaci\u00f3n gratuita es uno de los puntos que retoma la Coparmex, pues la reforma educativa de manera expresa decreta la gratuidad de la educaci\u00f3n superior, as\u00ed como la obligaci\u00f3n de garantizar que las universidades p\u00fablicas cuenten con el presupuesto necesario.<\/p>\n<p>Sin embargo, el presupuesto p\u00fablico no est\u00e1 posibilitado para cumplir esta propuesta.<\/p>\n<p style=\"text-align: center;\"><em><strong>De 2017 a 2019, la participaci\u00f3n de los recursos federales destinados a la educaci\u00f3n superior respecto a la inversi\u00f3n total en educaci\u00f3n pas\u00f3 de 72 a 66 puntos porcentuales.<\/strong><\/em><\/p>\n<p>Adem\u00e1s, en el Presupuesto de Egresos de la Federaci\u00f3n (PEF 2019), los recursos para educaci\u00f3n superior disminuyeron 0.5 por ciento respecto a 2018.<\/p>\n<p>Actualmente, el 56 por ciento de su presupuesto proviene de la federaci\u00f3n, 29 por ciento de subsidios estatales y el restante 15 por ciento de recursos propios.<\/p>\n<p style=\"text-align: center;\"><strong><em>\u201cEs por ello que el camino a la gratuidad debe comenzar por el establecimiento de reglas claras en la asignaci\u00f3n de sus recursos, acompa\u00f1adas de f\u00f3rmulas, con base en indicadores de desempe\u00f1o, transparencia y eficacia en el uso de los recursos\u201d<\/em><\/strong>, estableci\u00f3 Coparmex.<\/p>\n<p>Ahora ser\u00e1 turno de los senadores para analizar y en su caso aprobar dicha reforma educativa, para luego pasar a los congresos locales y esta sea ratificada por los mismos o en su caso, reprobada.<\/p>\n","protected":false},"excerpt":{"rendered":"<p>La madrugada de este jueves nueve de mayo, fue de nueva cuenta aprobada la llamada contrareforma educativa, lo que dejo abiertas las posibilidades para abordar temas relevantes, destac\u00f3 la Confederaci\u00f3n Patronal de la Rep\u00fablica Mexicana (Coparmex). Mediante un comunicado, aseguraron que se abri\u00f3 la posibilidad de alimentar sustancialmente un debate p\u00fablico que puso a la [&hellip;]<\/p>\n","protected":false},"author":5,"featured_media":0,"comment_status":"open","ping_status":"open","sticky":false,"template":"","format":"standard","meta":{"footnotes":""},"categories":[1,150],"tags":[99,936,3430,2402,153,154],"yst_prominent_words":[],"class_list":["post-89409","post","type-post","status-publish","format-standard","hentry","category-sin-categoria","category-metropoli-tlaxcala","tag-coparmex","tag-empresarios","tag-hoyesnoticiaapp","tag-reforma-educativa","tag-tlaxcala","tag-tlaxesnoticia"],"_links":{"self":[{"href":"https:\/\/sintesis.com.mx\/tlaxcala\/wp-json\/wp\/v2\/posts\/89409"}],"collection":[{"href":"https:\/\/sintesis.com.mx\/tlaxcala\/wp-json\/wp\/v2\/posts"}],"about":[{"href":"https:\/\/sintesis.com.mx\/tlaxcala\/wp-json\/wp\/v2\/types\/post"}],"author":[{"embeddable":true,"href":"https:\/\/sintesis.com.mx\/tlaxcala\/wp-json\/wp\/v2\/users\/5"}],"replies":[{"embeddable":true,"href":"https:\/\/sintesis.com.mx\/tlaxcala\/wp-json\/wp\/v2\/comments?post=89409"}],"version-history":[{"count":0,"href":"https:\/\/sintesis.com.mx\/tlaxcala\/wp-json\/wp\/v2\/posts\/89409\/revisions"}],"wp:attachment":[{"href":"https:\/\/sintesis.com.mx\/tlaxcala\/wp-json\/wp\/v2\/media?parent=89409"}],"wp:term":[{"taxonomy":"category","embeddable":true,"href":"https:\/\/sintesis.com.mx\/tlaxcala\/wp-json\/wp\/v2\/categories?post=89409"},{"taxonomy":"post_tag","embeddable":true,"href":"https:\/\/sintesis.com.mx\/tlaxcala\/wp-json\/wp\/v2\/tags?post=89409"},{"taxonomy":"yst_prominent_words","embeddable":true,"href":"https:\/\/sintesis.com.mx\/tlaxcala\/wp-json\/wp\/v2\/yst_prominent_words?post=89409"}],"curies":[{"name":"wp","href":"https:\/\/api.w.org\/{rel}","templated":true}]}}