{"id":89460,"date":"2019-05-09T16:23:28","date_gmt":"2019-05-09T21:23:28","guid":{"rendered":"http:\/\/sintesis.com.mx\/tlaxcala\/?p=89460"},"modified":"2019-05-09T16:23:28","modified_gmt":"2019-05-09T21:23:28","slug":"buscan-garantizar-derechos-de-comunidades-indigenas","status":"publish","type":"post","link":"https:\/\/sintesis.com.mx\/tlaxcala\/2019\/05\/09\/buscan-garantizar-derechos-de-comunidades-indigenas\/","title":{"rendered":"Buscan garantizar derechos de comunidades ind\u00edgenas"},"content":{"rendered":"<p>Con el objetivo de avanzar en el <em><strong>dise\u00f1o de una administraci\u00f3n p\u00fablica<\/strong><\/em> acorde con la diversidad cultural a trav\u00e9s del reconocimiento de los <em><strong>pueblos y comunidades<\/strong><\/em> <strong>ind\u00edgenas<\/strong>, en la sesi\u00f3n ordinaria de la <strong>LXIII Legislatura local, la diputada Luz Vera D\u00edaz<\/strong> present\u00f3 dos iniciativas en la materia.<\/p>\n<p>La primera consiste en reformar y adicionar diversas disposiciones a la <strong>Constituci\u00f3n de Tlaxcala<\/strong> para que este sector, entre otras cosas, pueda ser reconocido por el Estado, decidir su forma de gobierno interna, recibir la asistencia de un int\u00e9rprete o traductor, acceso a la propiedad y tenencia de la tierra, as\u00ed como elegir sus maneras de organizarse pol\u00edtica, social, econ\u00f3mica y culturalmente.<\/p>\n<p>Mencion\u00f3 que las modificaciones al marco jur\u00eddico de las Constituciones estatales para reconocer el car\u00e1cter pluricultural de la naci\u00f3n mexicana, y establecer l\u00edneas b\u00e1sicas de atenci\u00f3n y derechos espec\u00edficos en la materia, han avanzado lentamente por diversos factores como es la falta de informaci\u00f3n, la vigencia de un marco legal creado para regular las relaciones en una cultura monol\u00edtica, la falta de an\u00e1lisis en los planteamientos, propuestas y reivindicaciones de los pueblos ind\u00edgenas, por mencionar algunas.<\/p>\n<p style=\"text-align: center;\"><strong><em>\u201cEl ejercicio de la autonom\u00eda de los pueblos ind\u00edgenas contribuir\u00e1 a la unidad y democratizaci\u00f3n de la vida nacional y fortalecer\u00e1 la soberan\u00eda del pa\u00eds y del Estado mismo\u201d, se\u00f1al\u00f3.<\/em><\/strong><\/p>\n<p>En sinton\u00eda con esta iniciativa, la legisladora, tambi\u00e9n present\u00f3 otras propuestas para reformar y adicionar diversas disposiciones a la <strong>Ley de Protecci\u00f3n, Fomento y Desarrollo a la Cultura Ind\u00edgena; la Ley Municipal; la Ley Org\u00e1nica y el Reglamento Interno del Poder Legislativo.<\/strong><\/p>\n<p>Con ella, se tiene por objeto generar la participaci\u00f3n de los pueblos ind\u00edgenas en los mecanismos de gobierno, donde se deber\u00e1 considerar la necesidad fortalecer los programas de capacitaci\u00f3n y fortalecimiento institucional para los pueblos ind\u00edgenas, sus l\u00edderes y sus organizaciones.<\/p>\n<p>As\u00ed como la formulaci\u00f3n de estrategias y planes estatales, regionales, y locales de desarrollo sostenible para la pr\u00f3xima d\u00e9cada, con la participaci\u00f3n activa de este sector con el debido respeto a su identidad cultural y su dignidad.<\/p>\n<p style=\"text-align: center;\"><strong>\u201cLa concientizaci\u00f3n p\u00fablica, la educaci\u00f3n, la investigaci\u00f3n y la capacitaci\u00f3n, deber\u00e1n jugar un papel determinante en la promoci\u00f3n de un mayor conocimiento y comprensi\u00f3n de la historia, sus conocimientos y pr\u00e1cticas aportadas al desarrollo sostenible de los pueblos ind\u00edgenas\u201d<\/strong>, dijo.<\/p>\n<p>La iniciativa de Vera D\u00edaz, tambi\u00e9n busca impulsar programas para la regularizaci\u00f3n y correcci\u00f3n de actas del Registro Civil del Estado, donde se tomar\u00e1 en cuenta sus usos y costumbres, su lengua ind\u00edgena al respetar sus nombres, apellidos y los caracteres pertenecientes a la lengua ind\u00edgena de que se trate.<\/p>\n<p><img loading=\"lazy\" decoding=\"async\" class=\"alignnone size-full wp-image-89465\" src=\"http:\/\/sintesis.com.mx\/tlaxcala\/wp-content\/uploads\/2019\/05\/sesi\u00f3n-09.jpeg\" alt=\"\" width=\"1280\" height=\"853\" \/><\/p>\n","protected":false},"excerpt":{"rendered":"<p>Con el objetivo de avanzar en el dise\u00f1o de una administraci\u00f3n p\u00fablica acorde con la diversidad cultural a trav\u00e9s del reconocimiento de los pueblos y comunidades ind\u00edgenas, en la sesi\u00f3n ordinaria de la LXIII Legislatura local, la diputada Luz Vera D\u00edaz present\u00f3 dos iniciativas en la materia. La primera consiste en reformar y adicionar diversas [&hellip;]<\/p>\n","protected":false},"author":3,"featured_media":0,"comment_status":"open","ping_status":"open","sticky":false,"template":"","format":"standard","meta":{"footnotes":""},"categories":[150],"tags":[6919,3430,5349,5230,153,157],"yst_prominent_words":[],"class_list":["post-89460","post","type-post","status-publish","format-standard","hentry","category-metropoli-tlaxcala","tag-comunidades-indigenas","tag-hoyesnoticiaapp","tag-luz-vera-diaz","tag-lxiii-legislatura","tag-tlaxcala","tag-tlaxslide"],"_links":{"self":[{"href":"https:\/\/sintesis.com.mx\/tlaxcala\/wp-json\/wp\/v2\/posts\/89460"}],"collection":[{"href":"https:\/\/sintesis.com.mx\/tlaxcala\/wp-json\/wp\/v2\/posts"}],"about":[{"href":"https:\/\/sintesis.com.mx\/tlaxcala\/wp-json\/wp\/v2\/types\/post"}],"author":[{"embeddable":true,"href":"https:\/\/sintesis.com.mx\/tlaxcala\/wp-json\/wp\/v2\/users\/3"}],"replies":[{"embeddable":true,"href":"https:\/\/sintesis.com.mx\/tlaxcala\/wp-json\/wp\/v2\/comments?post=89460"}],"version-history":[{"count":0,"href":"https:\/\/sintesis.com.mx\/tlaxcala\/wp-json\/wp\/v2\/posts\/89460\/revisions"}],"wp:attachment":[{"href":"https:\/\/sintesis.com.mx\/tlaxcala\/wp-json\/wp\/v2\/media?parent=89460"}],"wp:term":[{"taxonomy":"category","embeddable":true,"href":"https:\/\/sintesis.com.mx\/tlaxcala\/wp-json\/wp\/v2\/categories?post=89460"},{"taxonomy":"post_tag","embeddable":true,"href":"https:\/\/sintesis.com.mx\/tlaxcala\/wp-json\/wp\/v2\/tags?post=89460"},{"taxonomy":"yst_prominent_words","embeddable":true,"href":"https:\/\/sintesis.com.mx\/tlaxcala\/wp-json\/wp\/v2\/yst_prominent_words?post=89460"}],"curies":[{"name":"wp","href":"https:\/\/api.w.org\/{rel}","templated":true}]}}