{"id":90066,"date":"2019-05-21T17:38:03","date_gmt":"2019-05-21T22:38:03","guid":{"rendered":"http:\/\/sintesis.com.mx\/tlaxcala\/?p=90066"},"modified":"2019-05-21T17:38:03","modified_gmt":"2019-05-21T22:38:03","slug":"cedh-campana-comunidades-indigenas","status":"publish","type":"post","link":"https:\/\/sintesis.com.mx\/tlaxcala\/2019\/05\/21\/cedh-campana-comunidades-indigenas\/","title":{"rendered":"(VIDEO) CEDH emprende campa\u00f1a en comunidades ind\u00edgenas"},"content":{"rendered":"<p>En la comunidad de <strong>San Isidro Buensuceso<\/strong>, del municipio de <strong>San Pablo del Monte<\/strong>, la <strong>Comisi\u00f3n Estatal de Derechos Humanos<\/strong> (CEDH), emprendi\u00f3 la campa\u00f1a de difusi\u00f3n y preservaci\u00f3n de los derechos humanos en las <strong>comunidades<\/strong> y <strong>pueblos ind\u00edgenas<\/strong> de Tlaxcala.<\/p>\n<blockquote class=\"twitter-tweet\" data-width=\"550\" data-dnt=\"true\">\n<p lang=\"es\" dir=\"ltr\"><a href=\"https:\/\/twitter.com\/hashtag\/Tlaxcala?src=hash&amp;ref_src=twsrc%5Etfw\">#Tlaxcala<\/a> \ud83c\uddf2\ud83c\uddfd| Campa\u00f1a 2019 de difusi\u00f3n y preservaci\u00f3n de derechos humanos en comunidades indigenas. \ud83d\udcf9: <a href=\"https:\/\/twitter.com\/DavidM_Sintesis?ref_src=twsrc%5Etfw\">@DavidM_Sintesis<\/a> <a href=\"https:\/\/t.co\/H5sD03urbv\">pic.twitter.com\/H5sD03urbv<\/a><\/p>\n<p>&mdash; S\u00edntesis Tlaxcala (@TlaxSintesis) <a href=\"https:\/\/twitter.com\/TlaxSintesis\/status\/1130863669494059008?ref_src=twsrc%5Etfw\">May 21, 2019<\/a><\/p><\/blockquote>\n<p><script async src=\"https:\/\/platform.twitter.com\/widgets.js\" charset=\"utf-8\"><\/script><\/p>\n<p>Ante la presencia de alumnos de <strong>preescolar<\/strong>, <strong>primaria<\/strong> y una <strong>escuela telesecundaria<\/strong> de la comuna, dos de ellas de educaci\u00f3n ind\u00edgena, <strong>V\u00edctor Manuel Cid del Prado Pineda<\/strong>, presidente de la <strong>CEDH<\/strong>, expres\u00f3 que la intenci\u00f3n de esta campa\u00f1a es llegar a todos los pueblos y comunidades ind\u00edgenas de la geograf\u00eda estatal.<\/p>\n<p>\u201c<em>Recordemos que de los pocos estados de la Rep\u00fablica que a\u00fan conservan su nombre original, es precisamente Tlaxcala, es importante se\u00f1alar que nosotros podamos acercarnos y dar informaci\u00f3n sobre los derechos humanos y de la ni\u00f1ez es fundamental<\/em>\u201d, explic\u00f3.<\/p>\n<p>Consider\u00f3 fundamental el respeto a las lenguas ind\u00edgenas en el estado, de las cuales en su mayor\u00eda son <strong>n\u00e1huatl<\/strong> y <strong>otom\u00ed<\/strong>, las cuales se buscan conservar y brindarles el respeto que merecen por ser parte fundamental de desarrollo de la sociedad.<\/p>\n<p>Con este tipo de acciones, el personal de la CEDH espera lograr acciones contundentes por medio de la <strong>propagaci\u00f3n de informaci\u00f3n<\/strong> y actividades en las comunidades ind\u00edgenas en el estado.<\/p>\n<p>Por su parte, <strong>Sandra Abiga\u00edl Saragoza Hern\u00e1ndez<\/strong>, encargada de la campa\u00f1a <strong>Ti Ixmatizque to derechos<\/strong>, emiti\u00f3 un mensaje en el que hizo referencia a la necesidad de respetar y resguardar las culturas ind\u00edgenas.<\/p>\n<blockquote class=\"twitter-tweet\" data-width=\"550\" data-dnt=\"true\">\n<p lang=\"es\" dir=\"ltr\"><a href=\"https:\/\/twitter.com\/hashtag\/Tlaxcala?src=hash&amp;ref_src=twsrc%5Etfw\">#Tlaxcala<\/a> \ud83d\udde3\ufe0f| El ombudsman asegura que a la ni\u00f1ez tlaxcalteca le esperan un buen numero de acciones, tal es el caso de la divulgaci\u00f3n de los derechos de los ni\u00f1os. \ud83d\udcf9: <a href=\"https:\/\/twitter.com\/DavidM_Sintesis?ref_src=twsrc%5Etfw\">@DavidM_Sintesis<\/a> <a href=\"https:\/\/t.co\/SKv2O2rmyC\">pic.twitter.com\/SKv2O2rmyC<\/a><\/p>\n<p>&mdash; S\u00edntesis Tlaxcala (@TlaxSintesis) <a href=\"https:\/\/twitter.com\/TlaxSintesis\/status\/1130871611979161601?ref_src=twsrc%5Etfw\">May 21, 2019<\/a><\/p><\/blockquote>\n<p><script async src=\"https:\/\/platform.twitter.com\/widgets.js\" charset=\"utf-8\"><\/script><\/p>\n<p>\u201c<em>Se dice que Tlaxcala es cuna de la naci\u00f3n, proviene de tres culturas \u00e9tnicas, N\u00e1huatl Otom\u00ed y Pinome, es decir, que esta tierra tiene sus or\u00edgenes en pueblos ind\u00edgenas, ahora les pregunto, \u00bfCu\u00e1l es el lugar que nos dan? Nos discriminan, no nos dan el lugar para decisiones importantes, pero no todo el panorama es malo<\/em>\u201d, afirm\u00f3.<\/p>\n<p>Asegur\u00f3 que mediante esta campa\u00f1a buscar\u00e1n una sociedad basada en los derechos humanos y la promoci\u00f3n de los <strong>derechos de la ni\u00f1ez ind\u00edgena<\/strong>, misma que se puso a su disposici\u00f3n gracias a la CEDH.<\/p>\n<p>Por \u00faltimo, los alumnos de las escuelas asistentes recibieron materiales escritos para que de esa manera conozcan sus derechos como ni\u00f1os y los hagan vales, as\u00ed como sus derechos como <strong>comunidades ind\u00edgenas<\/strong>.<\/p>\n","protected":false},"excerpt":{"rendered":"<p>En la comunidad de San Isidro Buensuceso, del municipio de San Pablo del Monte, la Comisi\u00f3n Estatal de Derechos Humanos (CEDH), emprendi\u00f3 la campa\u00f1a de difusi\u00f3n y preservaci\u00f3n de los derechos humanos en las comunidades y pueblos ind\u00edgenas de Tlaxcala. #Tlaxcala \ud83c\uddf2\ud83c\uddfd| Campa\u00f1a 2019 de difusi\u00f3n y preservaci\u00f3n de derechos humanos en comunidades indigenas. \ud83d\udcf9: [&hellip;]<\/p>\n","protected":false},"author":5,"featured_media":0,"comment_status":"open","ping_status":"open","sticky":false,"template":"","format":"standard","meta":{"footnotes":""},"categories":[9,1539],"tags":[517,3925,622,7018,2440,241,7019,3326,7020,153,157,523],"yst_prominent_words":[],"class_list":["post-90066","post","type-post","status-publish","format-standard","hentry","category-municipios","category-san-pablo-del-monte","tag-cedh","tag-comision-estatal-de-derechos-humanos","tag-ninos","tag-pueblos-indigenas","tag-san-isidro-buensuceso","tag-san-pablo-del-monte","tag-sandra-abigail-saragoza-hernandez","tag-slideapp","tag-ti-ixmatizque-to-derechos","tag-tlaxcala","tag-tlaxslide","tag-victor-manuel-cid-del-prado-pineda"],"_links":{"self":[{"href":"https:\/\/sintesis.com.mx\/tlaxcala\/wp-json\/wp\/v2\/posts\/90066"}],"collection":[{"href":"https:\/\/sintesis.com.mx\/tlaxcala\/wp-json\/wp\/v2\/posts"}],"about":[{"href":"https:\/\/sintesis.com.mx\/tlaxcala\/wp-json\/wp\/v2\/types\/post"}],"author":[{"embeddable":true,"href":"https:\/\/sintesis.com.mx\/tlaxcala\/wp-json\/wp\/v2\/users\/5"}],"replies":[{"embeddable":true,"href":"https:\/\/sintesis.com.mx\/tlaxcala\/wp-json\/wp\/v2\/comments?post=90066"}],"version-history":[{"count":0,"href":"https:\/\/sintesis.com.mx\/tlaxcala\/wp-json\/wp\/v2\/posts\/90066\/revisions"}],"wp:attachment":[{"href":"https:\/\/sintesis.com.mx\/tlaxcala\/wp-json\/wp\/v2\/media?parent=90066"}],"wp:term":[{"taxonomy":"category","embeddable":true,"href":"https:\/\/sintesis.com.mx\/tlaxcala\/wp-json\/wp\/v2\/categories?post=90066"},{"taxonomy":"post_tag","embeddable":true,"href":"https:\/\/sintesis.com.mx\/tlaxcala\/wp-json\/wp\/v2\/tags?post=90066"},{"taxonomy":"yst_prominent_words","embeddable":true,"href":"https:\/\/sintesis.com.mx\/tlaxcala\/wp-json\/wp\/v2\/yst_prominent_words?post=90066"}],"curies":[{"name":"wp","href":"https:\/\/api.w.org\/{rel}","templated":true}]}}