{"id":90432,"date":"2019-05-29T08:31:07","date_gmt":"2019-05-29T13:31:07","guid":{"rendered":"http:\/\/sintesis.com.mx\/tlaxcala\/?p=90432"},"modified":"2019-05-29T10:34:06","modified_gmt":"2019-05-29T15:34:06","slug":"razon","status":"publish","type":"post","link":"https:\/\/sintesis.com.mx\/tlaxcala\/2019\/05\/29\/razon\/","title":{"rendered":"\u00bfRaz\u00f3n?"},"content":{"rendered":"<p class=\"p2\">Despu\u00e9s de un festejo interesante y por consecuencia muy importante para mi familia. He tenido de nueva cuenta, la oportunidad de percibir por mis sentidos, lo bello de todo cuanto me rodea, desde los colores del amanecer al atardecer, el trino ensordecedor de las aves, los aromas de los azares de los \u00e1rboles anunciando la llegada de los frutos. Esos invaluables sabores de la cocina de mi bella tierra, <strong>Tlaxcala<\/strong>. Y la sensaci\u00f3n de las temperaturas sorprendentes y cambiantes de estos d\u00edas. Lo que trajo a mi mente una frase que no recuerdo de d\u00f3nde sali\u00f3 pero que dice: Qui\u00e9n<i> tiene un porqu\u00e9 para vivir, encontrar\u00e1 casi siempre el c\u00f3mo hacerlo. <\/i><\/p>\n<p class=\"p2\">Y explic\u00f3 por qu\u00e9 me gusto: Debe resultar natural que nuestra vida para que tenga un sentido o una raz\u00f3n, requiere de por lo menos una motivaci\u00f3n especial, una raz\u00f3n que sirva como motor, que nos haga sentir que nuestro ser o existencia seg\u00fan nuestra educaci\u00f3n, contiene y requiere algo superior y trascendente que solo trabajar, comer y dormir.<\/p>\n<p class=\"p2\">Recuerdo con mucho gusto y emoci\u00f3n que en mi ni\u00f1ez, la mayor\u00eda de los amigos de mi padre, casi siempre andaban de traje y con su portafolio, siempre impecables, propios, educados y con vastos conocimientos del tema que fuera. Recuerdo con cari\u00f1o a mi innolvidable padrino Luv\u00edn V\u00e1zquez, a Pedro P\u00e9rez, V\u00e1zquez Alfaro, mis t\u00edos Juan P\u00e9rez \u201cel Coyote\u201d, Alfonso Garc\u00eda, Ernesto Garc\u00eda y a Ernesto Xelhuantzi y muchos otros que escapan por ahora a mi mente. Pero que eran un modelo para querer llegar a ser un profesional universitario. Lo que se convirti\u00f3 en mi porqu\u00e9<b>, <\/b>para llegar primero a mi querida Normal y luego a la Universidad y querer ser docente y abogado. Eso me llev\u00f3 a estudiar, luchar e incluso a sacrificar algunas cosas. Lo que es el c\u00f3mo<b> <\/b>para llegar y considero que lo logr\u00e9. Para de nueva cuenta encontrar un nuevo porqu\u00e9<b>,<\/b> que me llevara a lo que fue el principio de la utilidad de mis carreras; esto es, que todas mis acciones como profesionista y como persona, buscaban lograr el beneficio inicialmente para alguien o para algo af\u00edn a mis principios y valores inculcados en mi casa paterna, y luego en las escuelas donde estudi\u00e9. Lo que permiti\u00f3 que mi ejercicio profesional encontrara el c\u00f3mo, de mi nada f\u00e1cil trabajo, ense\u00f1ar a leer, limpiando l\u00e1grimas y sudor o arreglando entuertos y procurando orientar algunos casos para una conciliaci\u00f3n o acuerdo beneficioso para las partes, evitando con ello largos, engorrosos y costosos litigios, que regularmente tienen resultados imprevisibles.<\/p>\n<p class=\"p2\">Con el paso del tiempo, la vida me dio la oportunidad de poner en pr\u00e1ctica lo aprendido y observado a hombres y mujeres habitantes del mundo, mi mundo, que en su gran mayor\u00eda son buenos, optimistas y que aman la vida. Lo que se convirti\u00f3 en mi porqu\u00e9. Para con ello ayudar a aquellos que lo necesitaban, ya fuera a grupos sociales, familias, parejas o entes individuales. Lo que me convirti\u00f3 en un sujeto con la suerte para asistir a todo aquel que se acercara. Surgiendo el\u00a0c\u00f3mo, para ocupar una parte de m\u00ed a tocar algunas puertas que me permitieran reafirmar la solidaridad humana.<\/p>\n<p class=\"p2\">Y bueno, continuando con los<b> <\/b>porqu\u00e9, habr\u00e9 de decir que es as\u00ed como empiezo a escribir para m\u00ed ideas, percepciones, observaciones y m\u00e1s. Seg\u00fan para puntualizar entre otras cosas el crecimiento espiritual, superaci\u00f3n personal,\u00a0autoestima, valores, virtudes, la familia y otros t\u00f3picos m\u00e1s.<span class=\"Apple-converted-space\">\u00a0 <\/span>Pero para cumplir con mi c\u00f3mo<b>,<\/b> aprovech\u00e9 la oportunidad que me brindaron para escribir formalmente por primera vez y de manera formal que hicieron tiempo despu\u00e9s, reflexionara a\u00fan acerca de lo que estaba haciendo. Me tomara unas breves vacaciones y volviera a aprovechar otra oportunidad en esta, mi casa editorial S\u00edntesis, para continuar compartiendo lo que para m\u00ed y muchos otros, es correcto y ben\u00e9fico para nuestra sociedad.<\/p>\n<p class=\"p2\">Creo no ser el \u00fanico que conoce esa frase, que ahora s\u00e9 fue creada por Nietzsche. La cual fue puntual al sentenciar: <i>\u201d\u2026Quien tiene un porqu\u00e9 para vivir, encontrar\u00e1 casi siempre el c\u00f3mo\u2026\u201d. Y con esos elementos pudiera encuadrar que mi porqu\u00e9 de vida y <\/i>lo m\u00e1s grande de ella, es la felicidad de mi familia, ese n\u00facleo social que me permite so\u00f1ar y pensar que es posible ese sue\u00f1o. Para que el c\u00f3mo, se logre a trav\u00e9s de la proyecci\u00f3n, la planeaci\u00f3n y la ejecuci\u00f3n a partir del amor, la comunicaci\u00f3n, el respeto, la solidaridad, y armon\u00eda permanente, lo cual no es dif\u00edcil de alcanzar, si aprendemos que el trabajo en equipo con fines comunes, en los que sus \u00e9xitos o fracasos corresponden a todos sus miembros convertidos en una unidad. Porque eso es<b> Dar de S\u00ed, antes de pensar en S\u00ed.<\/b><\/p>\n<p class=\"p2\"><b>Porelplacerdeservir@hotmail.com<\/b><\/p>\n","protected":false},"excerpt":{"rendered":"<p>Despu\u00e9s de un festejo interesante y por consecuencia muy importante para mi familia. He tenido de nueva cuenta, la oportunidad de percibir por mis sentidos, lo bello de todo cuanto me rodea, desde los colores del amanecer al atardecer, el trino ensordecedor de las aves, los aromas de los azares de los \u00e1rboles anunciando la [&hellip;]<\/p>\n","protected":false},"author":22,"featured_media":0,"comment_status":"open","ping_status":"open","sticky":false,"template":"","format":"standard","meta":{"footnotes":""},"categories":[11],"tags":[1546,1430,153,79],"yst_prominent_words":[],"class_list":["post-90432","post","type-post","status-publish","format-standard","hentry","category-vox","tag-cutberto-luna-garcia","tag-por-el-placer-de-servir","tag-tlaxcala","tag-vox"],"_links":{"self":[{"href":"https:\/\/sintesis.com.mx\/tlaxcala\/wp-json\/wp\/v2\/posts\/90432"}],"collection":[{"href":"https:\/\/sintesis.com.mx\/tlaxcala\/wp-json\/wp\/v2\/posts"}],"about":[{"href":"https:\/\/sintesis.com.mx\/tlaxcala\/wp-json\/wp\/v2\/types\/post"}],"author":[{"embeddable":true,"href":"https:\/\/sintesis.com.mx\/tlaxcala\/wp-json\/wp\/v2\/users\/22"}],"replies":[{"embeddable":true,"href":"https:\/\/sintesis.com.mx\/tlaxcala\/wp-json\/wp\/v2\/comments?post=90432"}],"version-history":[{"count":0,"href":"https:\/\/sintesis.com.mx\/tlaxcala\/wp-json\/wp\/v2\/posts\/90432\/revisions"}],"wp:attachment":[{"href":"https:\/\/sintesis.com.mx\/tlaxcala\/wp-json\/wp\/v2\/media?parent=90432"}],"wp:term":[{"taxonomy":"category","embeddable":true,"href":"https:\/\/sintesis.com.mx\/tlaxcala\/wp-json\/wp\/v2\/categories?post=90432"},{"taxonomy":"post_tag","embeddable":true,"href":"https:\/\/sintesis.com.mx\/tlaxcala\/wp-json\/wp\/v2\/tags?post=90432"},{"taxonomy":"yst_prominent_words","embeddable":true,"href":"https:\/\/sintesis.com.mx\/tlaxcala\/wp-json\/wp\/v2\/yst_prominent_words?post=90432"}],"curies":[{"name":"wp","href":"https:\/\/api.w.org\/{rel}","templated":true}]}}