{"id":90477,"date":"2019-05-29T16:22:11","date_gmt":"2019-05-29T21:22:11","guid":{"rendered":"http:\/\/sintesis.com.mx\/tlaxcala\/?p=90477"},"modified":"2019-05-29T16:22:33","modified_gmt":"2019-05-29T21:22:33","slug":"esclarece-pgje-hechos-sucedidos-en-la-loma-xicohtencatl","status":"publish","type":"post","link":"https:\/\/sintesis.com.mx\/tlaxcala\/2019\/05\/29\/esclarece-pgje-hechos-sucedidos-en-la-loma-xicohtencatl\/","title":{"rendered":"Esclarece PGJE hechos sucedidos en La Loma Xicoht\u00e9ncatl"},"content":{"rendered":"<div class=\"msg-body P_wpofO iy_A\" data-test-id=\"message-view-body-content\">\n<div class=\"jb_0 X_6MGW N_6Fd5\">\n<div id=\"yiv8332044211\">\n<div dir=\"ltr\">\n<p class=\"yiv8332044211MsoNormal\"><span lang=\"ES\">La Procuradur\u00eda General de Justicia del Estado (<strong>PGJE<\/strong>) a trav\u00e9s de las <strong>investigaciones<\/strong> realizadas por la Unidad Especializada en el Combate al delito de Secuestro (<strong>UECS<\/strong>) logr\u00f3 esclarecer un <strong>secuestro<\/strong> expr\u00e9s en agravio de un hombre con la detenci\u00f3n <strong>Mois\u00e9s N.<\/strong>, y <strong>Carlos N.<\/strong>, quienes presuntamente participaron activamente en la consumaci\u00f3n del hecho.\u00a0\u00a0\u00a0 <\/span><\/p>\n<p class=\"yiv8332044211MsoNormal\"><span lang=\"ES\">Los <strong>imputados fueron capturados<\/strong> por los hechos que ocurrieron el <em><strong>20 de mayo en la colonia La Loma Xicoht\u00e9ncatl<\/strong><\/em>, en el municipio de Tlaxcala, en los que privaron de la libertad a la v\u00edctima.<\/span><\/p>\n<p class=\"yiv8332044211MsoNormal\"><span lang=\"ES\">De acuerdo a investigaciones de la UECS, el afectado fue llevado con enga\u00f1os por Mois\u00e9s N., -con quien manten\u00eda una relaci\u00f3n de amistad- a un domicilio de su misma colonia, donde fue retenido en contra de su voluntad y con lujo de violencia, mientras que el imputado y otro sujeto ingresaron a la vivienda de la v\u00edctima donde hurtaron diferentes art\u00edculos de valor as\u00ed como un veh\u00edculo.<\/span><\/p>\n<p class=\"yiv8332044211MsoNormal\"><span lang=\"ES\">Sin embargo, durante la ausencia de los captores, el agraviado <em><strong>logr\u00f3 salir del domicilio y solicitar ayuda<\/strong><\/em>, por lo que fue trasladado a las instalaciones de la Procuradur\u00eda General de Justicia del Estado donde narr\u00f3 los hechos y se inici\u00f3 la Carpeta de Investigaci\u00f3n.<\/span><\/p>\n<p class=\"yiv8332044211MsoNormal\"><span lang=\"ES\">Con esta informaci\u00f3n, el fiscal y polic\u00edas de investigaci\u00f3n realizaron las diligencias correspondientes en el caso, obteniendo que el Juez de Control del Distrito Judicial de Guridi y Alcocer librara la orden de aprehensi\u00f3n contra de <strong>Mois\u00e9s N., y su c\u00f3mplice que responde al nombre de Carlos N.<\/strong><\/span><\/p>\n<p class=\"yiv8332044211MsoNormal\"><span lang=\"ES\">Con la plena identidad de los imputados, los oficiales de la Polic\u00eda de Investigaci\u00f3n montaron un sigiloso operativo en el municipio de Tlaxcala, el cual permiti\u00f3 la captura de los agresores.<\/span><\/p>\n<p class=\"yiv8332044211MsoNormal\"><span lang=\"ES\">De esta manera, ambos fueron ingresados al Centro de Reinserci\u00f3n Social (<strong>Cereso<\/strong>) y durante su audiencia inicial el Agente del Ministerio P\u00fablico hizo valer las agravantes que permitieron a la autoridad jurisdiccional decretar como medida cautelar prisi\u00f3n preventiva oficiosa; en tanto, los imputados se sometieron a la duplicidad del t\u00e9rmino constitucional.<\/span><\/p>\n<p><span lang=\"ES\">La Procuradur\u00eda General de Justicia del Estado, muestra con hechos el trabajo desplegado por sus \u00e1reas operativas, jur\u00eddicas y cient\u00edficas con el prop\u00f3sito de esclarecer los diferentes delitos y obtener sentencias ejemplares en contra de las personas que trasgredan la ley.<\/span><\/p>\n<\/div>\n<div dir=\"ltr\"><\/div>\n<div dir=\"ltr\"><img loading=\"lazy\" decoding=\"async\" class=\"alignright size-full wp-image-90478\" src=\"http:\/\/sintesis.com.mx\/tlaxcala\/wp-content\/uploads\/2019\/05\/2-19.jpg\" alt=\"Esclarece PGJE hechos sucedidos en La Loma Xicoht\u00e9ncatl\" width=\"960\" height=\"900\" \/><\/div>\n<\/div>\n<\/div>\n<\/div>\n<div class=\"jb_0 X_6MGW N_6Fd5\">\n<div class=\"P_0 je_fq7\"><\/div>\n<\/div>\n","protected":false},"excerpt":{"rendered":"<p>La Procuradur\u00eda General de Justicia del Estado (PGJE) a trav\u00e9s de las investigaciones realizadas por la Unidad Especializada en el Combate al delito de Secuestro (UECS) logr\u00f3 esclarecer un secuestro expr\u00e9s en agravio de un hombre con la detenci\u00f3n Mois\u00e9s N., y Carlos N., quienes presuntamente participaron activamente en la consumaci\u00f3n del hecho.\u00a0\u00a0\u00a0 Los imputados [&hellip;]<\/p>\n","protected":false},"author":3,"featured_media":0,"comment_status":"open","ping_status":"open","sticky":false,"template":"","format":"standard","meta":{"footnotes":""},"categories":[150],"tags":[3430,19,7118,240,478,153,7117],"yst_prominent_words":[],"class_list":["post-90477","post","type-post","status-publish","format-standard","hentry","category-metropoli-tlaxcala","tag-hoyesnoticiaapp","tag-justicia","tag-la-loma-xicohtencatl","tag-pgje","tag-secuestro","tag-tlaxcala","tag-uecs"],"_links":{"self":[{"href":"https:\/\/sintesis.com.mx\/tlaxcala\/wp-json\/wp\/v2\/posts\/90477"}],"collection":[{"href":"https:\/\/sintesis.com.mx\/tlaxcala\/wp-json\/wp\/v2\/posts"}],"about":[{"href":"https:\/\/sintesis.com.mx\/tlaxcala\/wp-json\/wp\/v2\/types\/post"}],"author":[{"embeddable":true,"href":"https:\/\/sintesis.com.mx\/tlaxcala\/wp-json\/wp\/v2\/users\/3"}],"replies":[{"embeddable":true,"href":"https:\/\/sintesis.com.mx\/tlaxcala\/wp-json\/wp\/v2\/comments?post=90477"}],"version-history":[{"count":0,"href":"https:\/\/sintesis.com.mx\/tlaxcala\/wp-json\/wp\/v2\/posts\/90477\/revisions"}],"wp:attachment":[{"href":"https:\/\/sintesis.com.mx\/tlaxcala\/wp-json\/wp\/v2\/media?parent=90477"}],"wp:term":[{"taxonomy":"category","embeddable":true,"href":"https:\/\/sintesis.com.mx\/tlaxcala\/wp-json\/wp\/v2\/categories?post=90477"},{"taxonomy":"post_tag","embeddable":true,"href":"https:\/\/sintesis.com.mx\/tlaxcala\/wp-json\/wp\/v2\/tags?post=90477"},{"taxonomy":"yst_prominent_words","embeddable":true,"href":"https:\/\/sintesis.com.mx\/tlaxcala\/wp-json\/wp\/v2\/yst_prominent_words?post=90477"}],"curies":[{"name":"wp","href":"https:\/\/api.w.org\/{rel}","templated":true}]}}