{"id":91014,"date":"2019-06-08T10:16:35","date_gmt":"2019-06-08T15:16:35","guid":{"rendered":"http:\/\/sintesis.com.mx\/tlaxcala\/?p=91014"},"modified":"2019-06-08T12:23:15","modified_gmt":"2019-06-08T17:23:15","slug":"sin-cambios-para-entrega-de-cuenta-publica","status":"publish","type":"post","link":"https:\/\/sintesis.com.mx\/tlaxcala\/2019\/06\/08\/sin-cambios-para-entrega-de-cuenta-publica\/","title":{"rendered":"Sin cambios para entrega de cuenta p\u00fablica"},"content":{"rendered":"<p class=\"p4\">Durante la sesi\u00f3n de la <strong>Comisi\u00f3n Permanente de la LXIII Legislatura local<\/strong>, se dio lectura al acuerdo por el que la Mesa Directiva declar\u00f3 <em><strong>no aprobado el decreto n\u00famero ocho<\/strong> <\/em>por el que se reformaban diversos art\u00edculos de la Constituci\u00f3n Pol\u00edtica del Estado de Tlaxcala y que ten\u00eda que ver con que la entrega de las<strong> cuentas p\u00fablicas<\/strong> de los entes fiscalizables fueran entregadas de manera <strong>mensual<\/strong>.<\/p>\n<p class=\"p4\">Cabe recordar que para que la reforma aprobada por la mayor\u00eda de los diputados el pasado 25 de octubre de 2018, pudiera entrar en vigor, era necesario que m\u00e1s de la mitad de los 60 Ayuntamientos la aprobaran, sin embargo, \u00fanicamente cuatro municipios la avalaron (<strong>Amaxac de Guerrero, San Jos\u00e9 Teacalco, San Lorenzo Axocomanitla y Sanct\u00f3rum de L\u00e1zaro C\u00e1rdenas<\/strong>), 46 la rechazaron y los municipios restantes no enviaron sus actas de cabildo a tiempo.<\/p>\n<blockquote>\n<p class=\"p4\">Con ello, <strong>estas reformas quedan sin efecto y los entes fiscalizables continuar\u00e1n con la entrega de sus cuentas p\u00fablicas de manera trimestral como lo ven\u00edan haciendo.<\/strong><\/p>\n<\/blockquote>\n<p class=\"p4\">En otro punto de la sesi\u00f3n, los diputados declararon aprobada la reforma al primer p\u00e1rrafo de la fracci\u00f3n XII, del art\u00edculo 19; y se adiciona un art\u00edculo 19 Bis a la Constituci\u00f3n local, integrada en el decreto n\u00famero 57 y que reconoce el derecho humano de la primera infancia, iniciativa impulsada por el coordinador de la fracci\u00f3n parlamentaria del <strong>PAN, Omar Milt\u00f3n L\u00f3pez Avenda\u00f1o.<\/strong><\/p>\n<p class=\"p4\">A pesar de que solo once cabildos del mismo n\u00famero de ayuntamientos ratificaron el proyecto de decreto que les fue remitido entre el <strong>26 y 28 de noviembre<\/strong> del a\u00f1o pasado, este fue aprobado, ya que los ayuntamientos que no remitieron al Congreso su acta de cabildo dan por entendido que lo aceptaron, esto de acuerdo a los t\u00e9rminos del art\u00edculo 120 de la Constituci\u00f3n pol\u00edtica local.<\/p>\n<p class=\"p4\">Con el aval de los ayuntamientos a esta reforma, el estado est\u00e1 obligado a garantizar el derecho de la primera infancia, y las ni\u00f1as, ni\u00f1os y adolescentes a trav\u00e9s del goce de todos sus derechos humanos.<\/p>\n<p class=\"p4\">Las autoridades deber\u00e1n garantizar su adecuada protecci\u00f3n, atendiendo al principio rector del inter\u00e9s superior de la ni\u00f1ez con especial \u00e9nfasis en la primera infancia, la que comprende el rango de edad de los infantes que transcurre desde su nacimiento, su primera a\u00f1o de vida y la transici\u00f3n de \u00e9stos del per\u00edodo preescolar hacia el per\u00edodo escolar.<\/p>\n<p><img loading=\"lazy\" decoding=\"async\" class=\"aligncenter size-full wp-image-91015\" src=\"http:\/\/sintesis.com.mx\/tlaxcala\/wp-content\/uploads\/2019\/06\/ATLAX_COMISION-PERMANENTE.jpg\" alt=\"Sin cambios para entrega de cuenta p\u00fablica\" width=\"960\" height=\"640\" \/><\/p>\n","protected":false},"excerpt":{"rendered":"<p>Durante la sesi\u00f3n de la Comisi\u00f3n Permanente de la LXIII Legislatura local, se dio lectura al acuerdo por el que la Mesa Directiva declar\u00f3 no aprobado el decreto n\u00famero ocho por el que se reformaban diversos art\u00edculos de la Constituci\u00f3n Pol\u00edtica del Estado de Tlaxcala y que ten\u00eda que ver con que la entrega de [&hellip;]<\/p>\n","protected":false},"author":3,"featured_media":0,"comment_status":"open","ping_status":"open","sticky":false,"template":"","format":"standard","meta":{"footnotes":""},"categories":[150],"tags":[1645,3430,6963,153,154],"yst_prominent_words":[],"class_list":["post-91014","post","type-post","status-publish","format-standard","hentry","category-metropoli-tlaxcala","tag-cuenta-publica","tag-hoyesnoticiaapp","tag-lxiii-legislatura-local","tag-tlaxcala","tag-tlaxesnoticia"],"_links":{"self":[{"href":"https:\/\/sintesis.com.mx\/tlaxcala\/wp-json\/wp\/v2\/posts\/91014"}],"collection":[{"href":"https:\/\/sintesis.com.mx\/tlaxcala\/wp-json\/wp\/v2\/posts"}],"about":[{"href":"https:\/\/sintesis.com.mx\/tlaxcala\/wp-json\/wp\/v2\/types\/post"}],"author":[{"embeddable":true,"href":"https:\/\/sintesis.com.mx\/tlaxcala\/wp-json\/wp\/v2\/users\/3"}],"replies":[{"embeddable":true,"href":"https:\/\/sintesis.com.mx\/tlaxcala\/wp-json\/wp\/v2\/comments?post=91014"}],"version-history":[{"count":0,"href":"https:\/\/sintesis.com.mx\/tlaxcala\/wp-json\/wp\/v2\/posts\/91014\/revisions"}],"wp:attachment":[{"href":"https:\/\/sintesis.com.mx\/tlaxcala\/wp-json\/wp\/v2\/media?parent=91014"}],"wp:term":[{"taxonomy":"category","embeddable":true,"href":"https:\/\/sintesis.com.mx\/tlaxcala\/wp-json\/wp\/v2\/categories?post=91014"},{"taxonomy":"post_tag","embeddable":true,"href":"https:\/\/sintesis.com.mx\/tlaxcala\/wp-json\/wp\/v2\/tags?post=91014"},{"taxonomy":"yst_prominent_words","embeddable":true,"href":"https:\/\/sintesis.com.mx\/tlaxcala\/wp-json\/wp\/v2\/yst_prominent_words?post=91014"}],"curies":[{"name":"wp","href":"https:\/\/api.w.org\/{rel}","templated":true}]}}