{"id":93051,"date":"2019-07-22T12:06:34","date_gmt":"2019-07-22T17:06:34","guid":{"rendered":"http:\/\/sintesis.com.mx\/tlaxcala\/?p=93051"},"modified":"2019-07-22T12:06:34","modified_gmt":"2019-07-22T17:06:34","slug":"exitoso-arranque-del-curso-verano-apizaco","status":"publish","type":"post","link":"https:\/\/sintesis.com.mx\/tlaxcala\/2019\/07\/22\/exitoso-arranque-del-curso-verano-apizaco\/","title":{"rendered":"Exitoso arranque del curso de verano en Apizaco"},"content":{"rendered":"<p>Con un <strong>staff<\/strong> de<strong> 100 personas<\/strong>, personal de <strong>Protecci\u00f3n Civil municipal<\/strong> y un equipo de log\u00edstica, por tercer a\u00f1o consecutivo, esta ma\u00f1ana dio inicio el curso de verano que organiza el <strong>SMDIF de Apizaco,<\/strong> con m\u00e1s de <strong>300 infantes.<\/strong><\/p>\n<p>Al acto inaugural acudi\u00f3 el alcalde, <strong>Julio C\u00e9sar Hern\u00e1ndez Mej\u00eda<\/strong>, quien agradeci\u00f3 a las familias apizaquenses la <strong>confianza<\/strong> depositada en el SMDIF para que sus hijos acudan a este curso, pensado y dise\u00f1ado para que los peque\u00f1os ocupen su tiempo en espacios donde desarrollen su talento y energ\u00eda en esta temporada vacacional.<\/p>\n<p>En ese sentido, resalt\u00f3 la presencia del personal de Protecci\u00f3n Civil municipal, quienes se mantendr\u00e1n expectantes en los <strong>15 d\u00edas que durar\u00e1n estas actividades.<\/strong><\/p>\n<p>En tanto, la presidenta honor\u00edfica del SMDIF, <strong>Noem\u00ed Rivera Lobato<\/strong>, refiri\u00f3 que las 100 personas de staff, se encuentran previamente capacitadas en primeros auxilios y para el buen trato de los peque\u00f1os, y que adem\u00e1s ella misma se encargar\u00e1 de verificar que reciban la mejor atenci\u00f3n.<\/p>\n<p>Finalmente, dijo que la invitaci\u00f3n para acudir a este curso sigue abierta, por lo que los interesados pueden acudir a las instalaciones del auditorio <em><strong>Emilio S\u00e1nchez Piedras de 9:00 a 12:00 del d\u00eda, con 2 fotograf\u00edas tama\u00f1o infantil del menor, INE con copia del padre o tutor, y una cuota de recuperaci\u00f3n de 400 pesos.<\/strong><\/em><\/p>\n\n","protected":false},"excerpt":{"rendered":"<p>Con un staff de 100 personas, personal de Protecci\u00f3n Civil municipal y un equipo de log\u00edstica, por tercer a\u00f1o consecutivo, esta ma\u00f1ana dio inicio el curso de verano que organiza el SMDIF de Apizaco, con m\u00e1s de 300 infantes. Al acto inaugural acudi\u00f3 el alcalde, Julio C\u00e9sar Hern\u00e1ndez Mej\u00eda, quien agradeci\u00f3 a las familias apizaquenses [&hellip;]<\/p>\n","protected":false},"author":3,"featured_media":0,"comment_status":"open","ping_status":"open","sticky":false,"template":"","format":"standard","meta":{"footnotes":""},"categories":[842],"tags":[292,981,384,3430,1400,532,200,1549,153],"yst_prominent_words":[8172,9372,8475,9369,8109,7961,7763,9367,9360,9354,7759,8460,9362,9371,9373],"class_list":["post-93051","post","type-post","status-publish","format-standard","hentry","category-apizaco-municipios","tag-apizaco","tag-curso-de-verano","tag-dif","tag-hoyesnoticiaapp","tag-infantes","tag-julio-cesar-hernandez-mejia","tag-proteccion-civil","tag-smdif","tag-tlaxcala"],"_links":{"self":[{"href":"https:\/\/sintesis.com.mx\/tlaxcala\/wp-json\/wp\/v2\/posts\/93051"}],"collection":[{"href":"https:\/\/sintesis.com.mx\/tlaxcala\/wp-json\/wp\/v2\/posts"}],"about":[{"href":"https:\/\/sintesis.com.mx\/tlaxcala\/wp-json\/wp\/v2\/types\/post"}],"author":[{"embeddable":true,"href":"https:\/\/sintesis.com.mx\/tlaxcala\/wp-json\/wp\/v2\/users\/3"}],"replies":[{"embeddable":true,"href":"https:\/\/sintesis.com.mx\/tlaxcala\/wp-json\/wp\/v2\/comments?post=93051"}],"version-history":[{"count":0,"href":"https:\/\/sintesis.com.mx\/tlaxcala\/wp-json\/wp\/v2\/posts\/93051\/revisions"}],"wp:attachment":[{"href":"https:\/\/sintesis.com.mx\/tlaxcala\/wp-json\/wp\/v2\/media?parent=93051"}],"wp:term":[{"taxonomy":"category","embeddable":true,"href":"https:\/\/sintesis.com.mx\/tlaxcala\/wp-json\/wp\/v2\/categories?post=93051"},{"taxonomy":"post_tag","embeddable":true,"href":"https:\/\/sintesis.com.mx\/tlaxcala\/wp-json\/wp\/v2\/tags?post=93051"},{"taxonomy":"yst_prominent_words","embeddable":true,"href":"https:\/\/sintesis.com.mx\/tlaxcala\/wp-json\/wp\/v2\/yst_prominent_words?post=93051"}],"curies":[{"name":"wp","href":"https:\/\/api.w.org\/{rel}","templated":true}]}}