{"id":98278,"date":"2020-02-09T13:23:09","date_gmt":"2020-02-09T19:23:09","guid":{"rendered":"https:\/\/sintesis.com.mx\/tlaxcala\/?p=98278"},"modified":"2020-02-09T13:23:09","modified_gmt":"2020-02-09T19:23:09","slug":"uptx-paneles-energia-solar","status":"publish","type":"post","link":"https:\/\/sintesis.com.mx\/tlaxcala\/2020\/02\/09\/uptx-paneles-energia-solar\/","title":{"rendered":"Contar\u00e1 UPTx con paneles de energ\u00eda solar en 2020"},"content":{"rendered":"<p>El rector de la <strong>Universidad Polit\u00e9cnica de Tlaxcala<\/strong> (UPTx), <strong>Enrique Padilla S\u00e1nchez<\/strong>, inform\u00f3 que, tras participar en una reuni\u00f3n nacional sobre energ\u00edas y transferencia tecnol\u00f3gicas convocada por el secretario de Educaci\u00f3n P\u00fablica, <strong>Esteban Moctezuma Barrag\u00e1n<\/strong>, se tomo la determinaci\u00f3n de que la UPTx formara parte del programa que consiste en pasar del uso de energ\u00eda el\u00e9ctrica a la utilizaci\u00f3n de energ\u00eda solar mediante paneles solares.<\/p>\n<p>En este sentido, coment\u00f3 que en la reuni\u00f3n donde participaron 280 rectores del nivel superior se plantearon temas referentes con la transferencia tecnol\u00f3gica en favor del cuidado del medio ambiente.<\/p>\n<p>\u201c<em>Nos vamos a unir como universidad polit\u00e9cnica a ese proceso y vamos a cambiar este a\u00f1o la luz el\u00e9ctrica por paneles solares. El gobernador del estado est\u00e1 convencido de que es una v\u00eda muy concreta y vamos a a poner a nuestros j\u00f3venes a hacer proyectos para eso, es decir, vamos a ocupar a los tlaxcaltecas a los j\u00f3venes que tenemos para que nos den sus ideas y pongan en operaci\u00f3n el proyecto<\/em>\u201d.<\/p>\n<p>Se\u00f1al\u00f3 que implementar este proyecto en la Universidad significar\u00eda un considerable ahorro de dinero, ya que actualmente la instituci\u00f3n gasta alrededor de 2 millones de pesos anuales en el pago de electricidad, adem\u00e1s de que permitir\u00e1 a impulsar la creaci\u00f3n de empresas entre los propios alumnos, a los cuales puntualiz\u00f3 se les podr\u00eda aportar un recurso econ\u00f3mico para que sigan creciendo como emprendedores.<\/p>\n<p>\u201c<em>Este traslado de energ\u00edas, beneficiara a los j\u00f3venes que participen en el proyecto. En primera instancia tendr\u00e1n que presentar una propuesta para hacer sus propias empresas y trabajar ellos mismos en la universidad. Conf\u00edo en no tener la necesidad de contratar a una empresa externa sino m\u00e1s bien contratar a los mismos j\u00f3venes que salen de la universidad, as\u00ed como profesores<\/em>\u201d.<\/p>\n<p>Detall\u00f3 que ha solicitado a dos de sus directores de ingenier\u00edas de la UPTX hicieran una propuesta para presentarla en la presente semana, para arrancar la siguiente con la b\u00fasqueda de implementos b\u00e1sicos para la fabricaci\u00f3n de los paneles solares y ver la conectividad. \u201c<em>Es un proceso que va a tardar varios meses, pero del cual nosotros y el Gobierno estamos muy entusiasmados<\/em>\u201d.<\/p>\n","protected":false},"excerpt":{"rendered":"<p>El rector de UPTx inform\u00f3 que la casa de estudios formar\u00e1 parte del programa de utilizaci\u00f3n de energ\u00eda solar mediante paneles solares<\/p>\n","protected":false},"author":41,"featured_media":0,"comment_status":"open","ping_status":"open","sticky":false,"template":"","format":"standard","meta":{"footnotes":""},"categories":[150],"tags":[20209,2267,5436,6778,731,3326,153,157,4084,1861],"yst_prominent_words":[11898,20195,7766,14173,14171,7775,20194,20192,11472,8667,8789,7576,8840,19275,20197,8905,11468,11600],"class_list":["post-98278","post","type-post","status-publish","format-standard","hentry","category-metropoli-tlaxcala","tag-energia-solar","tag-enrique-padilla-sanchez","tag-esteban-moctezuma-barragan","tag-paneles-solares","tag-sep","tag-slideapp","tag-tlaxcala","tag-tlaxslide","tag-universidad-politecnica-de-tlaxcala","tag-uptx"],"_links":{"self":[{"href":"https:\/\/sintesis.com.mx\/tlaxcala\/wp-json\/wp\/v2\/posts\/98278"}],"collection":[{"href":"https:\/\/sintesis.com.mx\/tlaxcala\/wp-json\/wp\/v2\/posts"}],"about":[{"href":"https:\/\/sintesis.com.mx\/tlaxcala\/wp-json\/wp\/v2\/types\/post"}],"author":[{"embeddable":true,"href":"https:\/\/sintesis.com.mx\/tlaxcala\/wp-json\/wp\/v2\/users\/41"}],"replies":[{"embeddable":true,"href":"https:\/\/sintesis.com.mx\/tlaxcala\/wp-json\/wp\/v2\/comments?post=98278"}],"version-history":[{"count":0,"href":"https:\/\/sintesis.com.mx\/tlaxcala\/wp-json\/wp\/v2\/posts\/98278\/revisions"}],"wp:attachment":[{"href":"https:\/\/sintesis.com.mx\/tlaxcala\/wp-json\/wp\/v2\/media?parent=98278"}],"wp:term":[{"taxonomy":"category","embeddable":true,"href":"https:\/\/sintesis.com.mx\/tlaxcala\/wp-json\/wp\/v2\/categories?post=98278"},{"taxonomy":"post_tag","embeddable":true,"href":"https:\/\/sintesis.com.mx\/tlaxcala\/wp-json\/wp\/v2\/tags?post=98278"},{"taxonomy":"yst_prominent_words","embeddable":true,"href":"https:\/\/sintesis.com.mx\/tlaxcala\/wp-json\/wp\/v2\/yst_prominent_words?post=98278"}],"curies":[{"name":"wp","href":"https:\/\/api.w.org\/{rel}","templated":true}]}}