{"id":98401,"date":"2020-02-12T14:32:34","date_gmt":"2020-02-12T20:32:34","guid":{"rendered":"https:\/\/sintesis.com.mx\/tlaxcala\/?p=98401"},"modified":"2020-02-12T14:32:34","modified_gmt":"2020-02-12T20:32:34","slug":"requiere-ley-de-mayor-analisis","status":"publish","type":"post","link":"https:\/\/sintesis.com.mx\/tlaxcala\/2020\/02\/12\/requiere-ley-de-mayor-analisis\/","title":{"rendered":"Requiere ley de mayor an\u00e1lisis: Leticia Hern\u00e1ndez"},"content":{"rendered":"<p><strong>La diputada panista, Leticia Hern\u00e1ndez P\u00e9rez<\/strong>, consider\u00f3 que la modificada ley de Comunicaciones y Transportes, requer\u00eda de mayor an\u00e1lisis previo a su consideraci\u00f3n y votaci\u00f3n en el pleno del Legislativo local.<\/p>\n<p>Ante este panorama, la legisladora vot\u00f3 en contra de las adecuaciones a la ley, debido a que consider\u00f3 se requiere mayor estudio y precisi\u00f3n para generar igualdad de oportunidades.<\/p>\n<h3 style=\"text-align: center;\">\u201cVotamos en contra porque es una ley que requer\u00eda de mayor an\u00e1lisis y mayor precisi\u00f3n, desde un principio manifestamos nuestra postura a favor de las plataformas, de la libre competencia\u201d.<\/h3>\n<p>Dijo que si bien la ley ten\u00eda que reformarse pues contaba con 30 a\u00f1os de nos tocada por los legisladores, el trabajo no se tuvo que hacer a capricho de algunos sectores a trav\u00e9s de una aparente monopolizaci\u00f3n.<\/p>\n<p><em><strong>\u201cMonopolizar una ley, no es lo mejor para la ciudadan\u00eda de Tlaxcala y hoy tenemos que estar a la vanguardia de lo que sucede, todos usamos aplicaciones de transporte privado, porque es econ\u00f3mica, porque es vers\u00e1til, por el buen servicio\u201d.<\/strong><\/em><\/p>\n<p>Leticia Hern\u00e1ndez asegur\u00f3 que es la ciudadan\u00eda la que debe decidir lo que prefiere respecto al transporte p\u00fablico y los servicios que eligen para tal fin.<\/p>\n<p>Para tales efectos, llam\u00f3 a que exista una regulaci\u00f3n en cuanto al tema de seguridad se refiere, al tiempo de manifestarse nuevamente por la negativa de monopolizar y beneficiar al algunos cuantos con la ley que se abord\u00f3 el d\u00eda martes en el Pleno del Legislativo.<\/p>\n<p>Sobre el proceso de discusi\u00f3n y votaci\u00f3n durante la octava sesi\u00f3n ordinaria, calific\u00f3 de probable el veto de la ley por parte del Poder Ejecutivo, pues existen ciertas imprecisiones y terminolog\u00eda que no se termin\u00f3 de analizar de forma correcta por parte de las y los diputados.<\/p>\n<p><strong><em>\u201cEs probable el veto del Ejecuto, no puede ir una ley as\u00ed, que en un art\u00edculo tenga un concepto y el otro considere uno distinto. Evidentemente hubo confusi\u00f3n y desde la comisi\u00f3n de puntos constitucionales hicimos la observaci\u00f3n que la ley requer\u00eda de mayor estudio pero no fue as\u00ed\u201d.<\/em><\/strong><\/p>\n<p>Se\u00f1al\u00f3 que la de puntos constitucionales en todo momento se neg\u00f3 a subir el dictamen con proyecto de decreto por todas las inconsistencias y ambig\u00fcedades que se observaron durante la prolongada discusi\u00f3n.<\/p>\n","protected":false},"excerpt":{"rendered":"<p>La diputada panista, Leticia Hern\u00e1ndez P\u00e9rez, consider\u00f3 que la modificada ley de Comunicaciones y Transportes, requer\u00eda de mayor an\u00e1lisis previo a su consideraci\u00f3n y votaci\u00f3n en el pleno del Legislativo local. Ante este panorama, la legisladora vot\u00f3 en contra de las adecuaciones a la ley, debido a que consider\u00f3 se requiere mayor estudio y precisi\u00f3n [&hellip;]<\/p>\n","protected":false},"author":5,"featured_media":0,"comment_status":"open","ping_status":"open","sticky":false,"template":"","format":"standard","meta":{"footnotes":""},"categories":[150],"tags":[625,120,153,157],"yst_prominent_words":[12295,10447,8841,7848,7813,19380,19328,7519,9660,18185,7531,20408,20409,20407,20406,15965],"class_list":["post-98401","post","type-post","status-publish","format-standard","hentry","category-metropoli-tlaxcala","tag-diputada","tag-ley","tag-tlaxcala","tag-tlaxslide"],"_links":{"self":[{"href":"https:\/\/sintesis.com.mx\/tlaxcala\/wp-json\/wp\/v2\/posts\/98401"}],"collection":[{"href":"https:\/\/sintesis.com.mx\/tlaxcala\/wp-json\/wp\/v2\/posts"}],"about":[{"href":"https:\/\/sintesis.com.mx\/tlaxcala\/wp-json\/wp\/v2\/types\/post"}],"author":[{"embeddable":true,"href":"https:\/\/sintesis.com.mx\/tlaxcala\/wp-json\/wp\/v2\/users\/5"}],"replies":[{"embeddable":true,"href":"https:\/\/sintesis.com.mx\/tlaxcala\/wp-json\/wp\/v2\/comments?post=98401"}],"version-history":[{"count":0,"href":"https:\/\/sintesis.com.mx\/tlaxcala\/wp-json\/wp\/v2\/posts\/98401\/revisions"}],"wp:attachment":[{"href":"https:\/\/sintesis.com.mx\/tlaxcala\/wp-json\/wp\/v2\/media?parent=98401"}],"wp:term":[{"taxonomy":"category","embeddable":true,"href":"https:\/\/sintesis.com.mx\/tlaxcala\/wp-json\/wp\/v2\/categories?post=98401"},{"taxonomy":"post_tag","embeddable":true,"href":"https:\/\/sintesis.com.mx\/tlaxcala\/wp-json\/wp\/v2\/tags?post=98401"},{"taxonomy":"yst_prominent_words","embeddable":true,"href":"https:\/\/sintesis.com.mx\/tlaxcala\/wp-json\/wp\/v2\/yst_prominent_words?post=98401"}],"curies":[{"name":"wp","href":"https:\/\/api.w.org\/{rel}","templated":true}]}}