{"id":98958,"date":"2020-02-24T19:57:21","date_gmt":"2020-02-25T01:57:21","guid":{"rendered":"https:\/\/sintesis.com.mx\/tlaxcala\/?p=98958"},"modified":"2020-02-24T19:57:21","modified_gmt":"2020-02-25T01:57:21","slug":"educacion-esencial-tlaxcala-prospere-marco-mena","status":"publish","type":"post","link":"https:\/\/sintesis.com.mx\/tlaxcala\/2020\/02\/24\/educacion-esencial-tlaxcala-prospere-marco-mena\/","title":{"rendered":"EDUCACI\u00d3N, ESENCIAL PARA QUE TLAXCALA PROSPERE: MARCO MENA"},"content":{"rendered":"<p>Redacci\u00f3n y Foto: Especial\/S\u00edntesis<\/p>\n<p>La educaci\u00f3n es la esencia de una sociedad que prospera, por lo que en Tlaxcala la Administraci\u00f3n Estatal trabaja para reforzar la calidad de los m\u00e9todos educativos y mejorar las condiciones de los docentes, afirm\u00f3 el Gobernador <strong>Marco Mena<\/strong> al encabezar el <strong><em>VI Pleno Seccional Extraordinario de la Secci\u00f3n 31 del Sindicato Nacional de Trabajadores de la Educaci\u00f3n (SNTE).<\/em><\/strong><\/p>\n<p>En su mensaje, el Gobernador <strong>Mena<\/strong> asegur\u00f3 que los maestros, a lo largo de los a\u00f1os, han probado que cuentan con el m\u00e9rito necesario para ser pieza fundamental en la historia y futuro del pa\u00eds, al tiempo de subrayar la importancia de revalorizar y dar m\u00e1s br\u00edo al reconocimiento social del papel que desarrollan.<\/p>\n<p><strong>Marco Mena <\/strong>enfatiz\u00f3 que el Gobierno del Estado va a aprovechar todas las oportunidades que se presenten para mantener la tendencia de crecimiento que registra <strong>Tlaxcala<\/strong> en este momento, ya que esto significa mayor empleo formal e ingresos para las familias.<\/p>\n<p>En este sentido, el Gobernador Marco Mena refiri\u00f3 que el \u00faltimo dato del<strong> Inegi<\/strong> dio al estado una <strong><em>perspectiva anual de crecimiento de 4.1 por ciento<\/em><\/strong>, adem\u00e1s de que Tlaxcala es primer lugar nacional en desarrollo econ\u00f3mico durante el tercer trimestre de 2019 con un \u00edndice de 14.2 puntos porcentuales.<\/p>\n<p>\u201cEste a\u00f1o vamos a seguir buscando la llegada de m\u00e1s inversiones que generen empleo; recientemente, dos empresas francesas anunciaron su decisi\u00f3n de instalarse en Tlaxcala tras analizar posibilidades en diferentes lugares del pa\u00eds, lo que demuestra con argumentos que somos uno de los destinos m\u00e1s competitivos de M\u00e9xico\u201d, asegur\u00f3.<\/p>\n<p>El Gobernador Mena se\u00f1al\u00f3 que Tlaxcala es el tercer estado de todo el pa\u00eds que ha logrado mayor disminuci\u00f3n de la pobreza extrema en los \u00faltimos dos a\u00f1os, al pasar de 5.7 a 3.1 por ciento y el objetivo para 2021 es disminuirla al 1 por ciento.<\/p>\n<p>En materia educativa, <strong>Marco Mena<\/strong> agreg\u00f3 que el <em><strong>Sistema Estatal de Becas<\/strong> <\/em>se consolida como el m\u00e1s grande de la historia de Tlaxcala, y para este a\u00f1o se incorporar\u00e1 un nuevo componente dirigido a j\u00f3venes de tercer a\u00f1o de preparatoria, cuyos padres solo cuenten con estudios de primaria.<\/p>\n<p>En balance, Tlaxcala crece, presenta finanzas estables, trabaja permanentemente en la reducci\u00f3n de la pobreza y genera empleo formal -apunt\u00f3 el Gobernador Marco Mena-, por lo que la Administraci\u00f3n Estatal buscar\u00e1 que siga llegando inversi\u00f3n para mantener la tendencia positiva de crecimiento.<\/p>\n<p>Finalmente, anunci\u00f3 que, resultado de la gesti\u00f3n de la <strong><em>Secci\u00f3n 31<\/em><\/strong> del <strong>SNTE<\/strong>, se implementar\u00e1 una nueva ruta del programa <em><strong>\u201cPrimero los Maestros\u201d<\/strong><\/em> en beneficio de los docentes.<\/p>\n<p>En su oportunidad, <strong>Jos\u00e9 Angelino Caamal Mena<\/strong>, en representaci\u00f3n de <strong>Alfonso Cepeda Salas<\/strong>, Secretario General del SNTE, subray\u00f3 que este Pleno representa un testimonio m\u00e1s del avance y profundizaci\u00f3n en la pr\u00e1ctica democr\u00e1tica y transparencia, la cual ya es una cultura del Sindicato.<\/p>\n<p>En tanto, <strong>Demetrio Rivas Corona, Secretario General de la Secci\u00f3n 31 del SNTE<\/strong>, manifest\u00f3 que este tipo de eventos muestran la solidaridad de los trabajadores de la educaci\u00f3n con el futuro de las familias tlaxcaltecas, adem\u00e1s de reconocer el acompa\u00f1amiento de la Administraci\u00f3n Estatal.<\/p>\n<p>Al evento asistieron <strong>Omar Milton L\u00f3pez Avenda\u00f1o<\/strong>, Presidente de la Mesa Directiva del Congreso del Estado; <strong>Florentino Dom\u00ednguez Ord\u00f3\u00f1ez<\/strong>, Secretario de Educaci\u00f3n P\u00fablica; Gustavo Michua y Michua, representante del Comit\u00e9 Ejecutivo Nacional del <strong>SNTE<\/strong> ante la Secci\u00f3n 31 y <strong>Jorge Guevara Lozada<\/strong>, Secretario General de la Secci\u00f3n 55 <strong>SNTE.<\/strong><\/p>\n","protected":false},"excerpt":{"rendered":"<p>Redacci\u00f3n y Foto: Especial\/S\u00edntesis La educaci\u00f3n es la esencia de una sociedad que prospera, por lo que en Tlaxcala la Administraci\u00f3n Estatal trabaja para reforzar la calidad de los m\u00e9todos educativos y mejorar las condiciones de los docentes, afirm\u00f3 el Gobernador Marco Mena al encabezar el VI Pleno Seccional Extraordinario de la Secci\u00f3n 31 del [&hellip;]<\/p>\n","protected":false},"author":43,"featured_media":0,"comment_status":"open","ping_status":"open","sticky":false,"template":"","format":"standard","meta":{"footnotes":""},"categories":[150],"tags":[820,244,21272,21273,12762,4863,490,21271],"yst_prominent_words":[14099,8949,19501,21270,7742,7738,7730,7736,21269,7744,7732,7741,8295,8952,14092,14105,21268,14106,7536,14087],"class_list":["post-98958","post","type-post","status-publish","format-standard","hentry","category-metropoli-tlaxcala","tag-inegi","tag-marco-mena","tag-perspectiva-anual-de-crecimiento","tag-primero-los-maestros","tag-sindicato-nacional-de-trabajadores-de-la-educacion","tag-sistema-estatal-de-becas","tag-snte","tag-vi-pleno-seccional-extraordinario-de-la-seccion-31"],"_links":{"self":[{"href":"https:\/\/sintesis.com.mx\/tlaxcala\/wp-json\/wp\/v2\/posts\/98958"}],"collection":[{"href":"https:\/\/sintesis.com.mx\/tlaxcala\/wp-json\/wp\/v2\/posts"}],"about":[{"href":"https:\/\/sintesis.com.mx\/tlaxcala\/wp-json\/wp\/v2\/types\/post"}],"author":[{"embeddable":true,"href":"https:\/\/sintesis.com.mx\/tlaxcala\/wp-json\/wp\/v2\/users\/43"}],"replies":[{"embeddable":true,"href":"https:\/\/sintesis.com.mx\/tlaxcala\/wp-json\/wp\/v2\/comments?post=98958"}],"version-history":[{"count":0,"href":"https:\/\/sintesis.com.mx\/tlaxcala\/wp-json\/wp\/v2\/posts\/98958\/revisions"}],"wp:attachment":[{"href":"https:\/\/sintesis.com.mx\/tlaxcala\/wp-json\/wp\/v2\/media?parent=98958"}],"wp:term":[{"taxonomy":"category","embeddable":true,"href":"https:\/\/sintesis.com.mx\/tlaxcala\/wp-json\/wp\/v2\/categories?post=98958"},{"taxonomy":"post_tag","embeddable":true,"href":"https:\/\/sintesis.com.mx\/tlaxcala\/wp-json\/wp\/v2\/tags?post=98958"},{"taxonomy":"yst_prominent_words","embeddable":true,"href":"https:\/\/sintesis.com.mx\/tlaxcala\/wp-json\/wp\/v2\/yst_prominent_words?post=98958"}],"curies":[{"name":"wp","href":"https:\/\/api.w.org\/{rel}","templated":true}]}}