{"id":99839,"date":"2020-03-18T19:07:42","date_gmt":"2020-03-19T01:07:42","guid":{"rendered":"https:\/\/sintesis.com.mx\/tlaxcala\/?p=99839"},"modified":"2020-03-18T19:07:42","modified_gmt":"2020-03-19T01:07:42","slug":"se-suspende-concurso-de-oratoria-maria-felix-pluma","status":"publish","type":"post","link":"https:\/\/sintesis.com.mx\/tlaxcala\/2020\/03\/18\/se-suspende-concurso-de-oratoria-maria-felix-pluma\/","title":{"rendered":"Se suspende concurso de oratoria: Mar\u00eda F\u00e9lix Pluma"},"content":{"rendered":"<p>La diputada presidenta de la <strong>Comisi\u00f3n de Juventud y Deporte<\/strong>, <a href=\"https:\/\/sintesis.com.mx\/tlaxcala\/2019\/11\/28\/no-se-privo-la-libertad-pensionados-pluma-flores\/\">Mar\u00eda F\u00e9lix Pluma Flores<\/a>, anunci\u00f3 la suspensi\u00f3n del concurso de oratoria 2020 Lic. Benito Ju\u00e1rez Garc\u00eda que se llevar\u00eda a cabo el pr\u00f3ximo<strong> 21 de marzo desde las diez horas.<\/strong><\/p>\n<p>Resalt\u00f3 que en concordancia con<strong> las determinaciones de la LXIII Legislatura local<\/strong>, este certamen fue suspendido y se determinar\u00e1 una fecha posterior al 20 de abril para as\u00ed no dejar pasar este evento que suma al <strong>desarrollo de los j\u00f3venes participantes<\/strong>.<\/p>\n<p>\u201cAs\u00ed como este evento, muchos otros que estaban ya agendados se tiene que <strong>reprogramar una vez dados los lineamientos a nivel federal<\/strong> y a nivel estatal sobre las medidas tomadas por el Covid-19\u201d.<\/p>\n<p>Dijo que de manera responsable y en atenci\u00f3n de la <strong>seguridad de la poblaci\u00f3n<\/strong> es que se lleg\u00f3 a esta determinaci\u00f3n, sin embargo, no descart\u00f3 la recalendarizaci\u00f3n del evento una vez que pase el <strong>periodo cr\u00edtico del virus<\/strong> que ha arribado a M\u00e9xico.<\/p>\n<p>\u201cEn abril veremos cu\u00e1ndo se reprogramar\u00eda, podr\u00eda ser aproximadamente en mayo, pero a\u00fan no sabemos si estaremos con m\u00e1s d\u00edas sin actividades adem\u00e1s de este mes que ha sido contemplado\u201d.<\/p>\n<p>Dijo que son quince <strong>los j\u00f3venes<\/strong> que ya hab\u00edan cumplido con el proceso de inscripci\u00f3n para este concurso de oratorio, mismos que ya han sido notificados por <strong>diferentes medios sobre la cancelaci\u00f3n del certamen.<\/strong><\/p>\n<p>\u201cYa se les notific\u00f3 v\u00eda telef\u00f3nica, por correo electr\u00f3nico e <strong>incluso de manera personal<\/strong> y ahora esperaremos a que pasen estos d\u00edas para avisar de manera oportuna la realizaci\u00f3n que ser\u00eda posiblemente en <strong>el mes de mayo<\/strong>\u201d.<\/p>\n<p>Recordar que la convocatoria contempla a j\u00f3venes entre 18 a 28 a\u00f1os de edad y <strong>el periodo de inscripci\u00f3n estar\u00eda contemplado hasta este 20 de marzo<\/strong>, sin embargo, al suspender toda actividad en el <strong>Congreso local<\/strong>, a esto ya no se le dar\u00e1 seguimiento.<\/p>\n<p>Entre los temas que abordar\u00edan los j\u00f3venes participantes se encontraban la trata de personas, migraci\u00f3n y refugiados, <strong>movimientos sociales e hist\u00f3ricos<\/strong> que han marcado a M\u00e9xico, realidad de la educaci\u00f3n, orgullo de ser mexicano, entro otros.<\/p>\n<p>En este mismo sentido, los premios establecidos ser\u00edan para el primer lugar cinco mil pesos, segundo lugar <strong>cuatro mil pesos y tercer lugar tres mil pesos<\/strong> y un reconocimiento para todos los inscritos.<\/p>\n","protected":false},"excerpt":{"rendered":"<p>La diputada presidenta de la Comisi\u00f3n de Juventud y Deporte, Mar\u00eda F\u00e9lix Pluma Flores, anunci\u00f3 la suspensi\u00f3n del concurso de oratoria 2020 Lic. Benito Ju\u00e1rez Garc\u00eda que se llevar\u00eda a cabo el pr\u00f3ximo 21 de marzo desde las diez horas. Resalt\u00f3 que en concordancia con las determinaciones de la LXIII Legislatura local, este certamen fue [&hellip;]<\/p>\n","protected":false},"author":5,"featured_media":0,"comment_status":"open","ping_status":"open","sticky":false,"template":"","format":"standard","meta":{"footnotes":""},"categories":[150],"tags":[6193,3254,6192,22773,153,6360,157],"yst_prominent_words":[8171,9585,9112,9109,22677,7812,8276,19322,7775,22676,8021,8985,18679,9402,7720,7693,11548,8046,8926],"class_list":["post-99839","post","type-post","status-publish","format-standard","hentry","category-metropoli-tlaxcala","tag-comision-de-juventud-y-deporte","tag-congreso-local","tag-maria-felix-pluma-flores","tag-movimientos-sociales-e-historicos","tag-tlaxcala","tag-tlaxensoticia","tag-tlaxslide"],"_links":{"self":[{"href":"https:\/\/sintesis.com.mx\/tlaxcala\/wp-json\/wp\/v2\/posts\/99839"}],"collection":[{"href":"https:\/\/sintesis.com.mx\/tlaxcala\/wp-json\/wp\/v2\/posts"}],"about":[{"href":"https:\/\/sintesis.com.mx\/tlaxcala\/wp-json\/wp\/v2\/types\/post"}],"author":[{"embeddable":true,"href":"https:\/\/sintesis.com.mx\/tlaxcala\/wp-json\/wp\/v2\/users\/5"}],"replies":[{"embeddable":true,"href":"https:\/\/sintesis.com.mx\/tlaxcala\/wp-json\/wp\/v2\/comments?post=99839"}],"version-history":[{"count":0,"href":"https:\/\/sintesis.com.mx\/tlaxcala\/wp-json\/wp\/v2\/posts\/99839\/revisions"}],"wp:attachment":[{"href":"https:\/\/sintesis.com.mx\/tlaxcala\/wp-json\/wp\/v2\/media?parent=99839"}],"wp:term":[{"taxonomy":"category","embeddable":true,"href":"https:\/\/sintesis.com.mx\/tlaxcala\/wp-json\/wp\/v2\/categories?post=99839"},{"taxonomy":"post_tag","embeddable":true,"href":"https:\/\/sintesis.com.mx\/tlaxcala\/wp-json\/wp\/v2\/tags?post=99839"},{"taxonomy":"yst_prominent_words","embeddable":true,"href":"https:\/\/sintesis.com.mx\/tlaxcala\/wp-json\/wp\/v2\/yst_prominent_words?post=99839"}],"curies":[{"name":"wp","href":"https:\/\/api.w.org\/{rel}","templated":true}]}}